{"id":119465,"date":"2021-06-24T13:46:54","date_gmt":"2021-06-24T17:46:54","guid":{"rendered":"https:\/\/linitiative.ca\/International\/covidgate-manaouda-malachie-se-justifie-devant-les-deputes\/"},"modified":"2021-06-24T13:46:54","modified_gmt":"2021-06-24T17:46:54","slug":"covidgate-manaouda-malachie-se-justifie-devant-les-deputes","status":"publish","type":"post","link":"https:\/\/linitiative.ca\/International\/covidgate-manaouda-malachie-se-justifie-devant-les-deputes\/","title":{"rendered":"Covidgate:  Manaouda Malachie se justifie devant les d\u00e9put\u00e9s"},"content":{"rendered":"<div>\n<p>Manaouda Malachie a donn\u00e9 des explications \u00e0 la Repr\u00e9sentation nationale, au sujet de la gestion du Fonds de solidarit\u00e9 nationale pour la lutte contre le Covid-19. C\u2019\u00e9tait au cours de la pl\u00e9ni\u00e8re sp\u00e9ciale sur la Couverture sant\u00e9 et la vaccination contre le coronavirus. Des explications qui n\u2019ont pas d\u00e9rog\u00e9 \u00e0 la ligne de d\u00e9fense du Minsant\u00e9 depuis le d\u00e9but du scandale concernant l\u2019utilisation des fonds par certains d\u00e9partements minist\u00e9riels. Ainsi, Manaouda Malachie a assur\u00e9 ne pas avoir touch\u00e9 \u00e0 cet argent. Selon lui, l\u2019absence de vote de budget allou\u00e9 \u00e0 la gestion de cette pand\u00e9mie et confi\u00e9 \u00e0 son minist\u00e8re prouverait qu\u2019il n\u2019a pas \u00e9t\u00e9 en contact avec l\u2019argent. \u00ab\u00a0Je pense qu\u2019il y a une enqu\u00eate qui est en cours et qui va \u00e9tablir les responsabilit\u00e9s des uns et des autres. Mais je puis dire \u00e0 la Repr\u00e9sentation nationale en ce qui concerne le minist\u00e8re de la Sant\u00e9 publique\u00a0: depuis le d\u00e9but de la crise en mars 2020 (nous avons commenc\u00e9 \u00e0 pr\u00e9parer le pays en f\u00e9vrier)\u2026jusqu\u2019aujourd\u2019hui, il n\u2019y a pas eu un budget qui a \u00e9t\u00e9 vot\u00e9 et mis \u00e0 la disposition du minist\u00e8re de la Sant\u00e9 publique. Donc ceux qui ont dit dans les r\u00e9seaux sociaux que le ministre de la Sant\u00e9 publique avait des mallettes d\u2019argent chez lui, il n\u2019y a pas eu un seul franc.\u00a0 Le minist\u00e8re de la Sant\u00e9 avait con\u00e7u un plan de riposte qui \u00e9tait sur une p\u00e9riode de 3 mois et co\u00fbtait en r\u00e9alit\u00e9 58 milliards. Et \u00e7a c\u2019\u00e9tait con\u00e7u avec l\u2019expertise de l\u2019Oms, parce que l\u2019Oms avait d\u00e9j\u00e0 commenc\u00e9 \u00e0 dire que nous aurons 5 millions de personnes dans nos h\u00f4pitaux, 5000 milles morts etc. Mais la pand\u00e9mie est arriv\u00e9e au moment o\u00f9 le budget \u00e9tait d\u00e9j\u00e0 vot\u00e9, donc on ne pouvait pas dire qu\u2019on allait tout de suite trouver 10, 20, 30, 40 milliards pour donner au minist\u00e8re de la Sant\u00e9 pour pouvoir g\u00e9rer le Covid\u00bb\u00a0assure le membre du gouvernement<em>.<\/em><\/p>\n<p><strong>Responsabilit\u00e9 du Minfi<\/strong><\/p>\n<p>Concr\u00e8tement, selon le Minsant\u00e9, la manipulation des sommes d\u2019argent allou\u00e9es \u00e0 ce Fonds s\u2019est faite au minist\u00e8re des Finances. \u00ab\u00a0Ce qui s\u2019est fait est que lorsqu\u2019on avait un besoin pressant, de masques, de gel ou d\u2019\u00e9quipement des h\u00f4pitaux, nous engagions la d\u00e9pense et nous transf\u00e9rions le dossier, c\u2019est-\u00e0-dire de la paperasse au minist\u00e8re des Finances qui couvrait quant il pouvait. Donc on n\u2019a jamais vir\u00e9 15, 20 ou 30 milliards au minist\u00e8re de la Sant\u00e9. Il y a beaucoup de fantasmes qui se d\u00e9veloppent autour de la gestion mais nous sommes concentr\u00e9s sur l\u2019essentiel\u2026qui est la surveillance de l\u2019\u00e9pid\u00e9mie sur le terrain\u00a0\u00bb<em>.<\/em><\/p>\n<p>Des explications que les Officiers de police judiciaire pr\u00e8s le Tribunal criminel sp\u00e9cial devront infirmer ou confirmer au terme de leur enqu\u00eate. En attendant, \u00a0Manaouda Malachie s\u2019est lav\u00e9 les mains devant les d\u00e9put\u00e9s alors que la Chambre des Comptes de la Cour Supr\u00eame est attendue demain \u00e0 l\u2019Assembl\u00e9e nationale pour pr\u00e9senter son rapport annuel et le rapport d\u2019audit\u00a0 du Fonds sp\u00e9cial de solidarit\u00e9 nationale pour la lutte contre le coronavirus.\u00a0<\/p>\n<p><strong>Ren\u00e9 Ombala<\/strong><\/p>\n<p>L\u2019article <a rel=\"nofollow\" href=\"https:\/\/ecomatin.net\/covidgate-manaouda-malachie-se-justifie-devant-les-deputes\/\">Covidgate:  Manaouda Malachie se justifie devant les d\u00e9put\u00e9s<\/a> est apparu en premier sur <a rel=\"nofollow\" href=\"https:\/\/ecomatin.net\/\">EcoMatin<\/a>.<\/p>\n<\/div>\n<p>Auteur: EcoMatin<br \/>\n<a href=\"https:\/\/ecomatin.net\/covidgate-manaouda-malachie-se-justifie-devant-les-deputes\/\">Cliquez ici pour lire l&rsquo;article depuis sa source.<\/a><\/p>\n","protected":false},"excerpt":{"rendered":"<p>Manaouda Malachie a donn\u00e9 des explications \u00e0 la Repr\u00e9sentation nationale, au sujet de la gestion du Fonds de solidarit\u00e9 nationale pour la lutte contre le Covid-19. C\u2019\u00e9tait au cours de la pl\u00e9ni\u00e8re sp\u00e9ciale sur la Couverture sant\u00e9 et la vaccination contre le coronavirus. Des explications qui n\u2019ont pas d\u00e9rog\u00e9 \u00e0 la ligne de d\u00e9fense du [&hellip;]<\/p>\n","protected":false},"author":1969,"featured_media":0,"comment_status":"closed","ping_status":"closed","sticky":false,"template":"","format":"standard","meta":{"fifu_image_url":"","fifu_image_alt":"","footnotes":""},"categories":[82,78],"tags":[],"class_list":["post-119465","post","type-post","status-publish","format-standard","hentry","category-cameroun","category-economie"],"_links":{"self":[{"href":"https:\/\/linitiative.ca\/International\/wp-json\/wp\/v2\/posts\/119465","targetHints":{"allow":["GET"]}}],"collection":[{"href":"https:\/\/linitiative.ca\/International\/wp-json\/wp\/v2\/posts"}],"about":[{"href":"https:\/\/linitiative.ca\/International\/wp-json\/wp\/v2\/types\/post"}],"author":[{"embeddable":true,"href":"https:\/\/linitiative.ca\/International\/wp-json\/wp\/v2\/users\/1969"}],"replies":[{"embeddable":true,"href":"https:\/\/linitiative.ca\/International\/wp-json\/wp\/v2\/comments?post=119465"}],"version-history":[{"count":0,"href":"https:\/\/linitiative.ca\/International\/wp-json\/wp\/v2\/posts\/119465\/revisions"}],"wp:attachment":[{"href":"https:\/\/linitiative.ca\/International\/wp-json\/wp\/v2\/media?parent=119465"}],"wp:term":[{"taxonomy":"category","embeddable":true,"href":"https:\/\/linitiative.ca\/International\/wp-json\/wp\/v2\/categories?post=119465"},{"taxonomy":"post_tag","embeddable":true,"href":"https:\/\/linitiative.ca\/International\/wp-json\/wp\/v2\/tags?post=119465"}],"curies":[{"name":"wp","href":"https:\/\/api.w.org\/{rel}","templated":true}]}}