{"id":119467,"date":"2021-06-24T14:02:49","date_gmt":"2021-06-24T18:02:49","guid":{"rendered":"https:\/\/linitiative.ca\/International\/aeroport-de-douala-une-panne-sur-le-balisage-lumineux-perturbe-le-trafic-depuis-2-jours\/"},"modified":"2021-06-24T14:02:49","modified_gmt":"2021-06-24T18:02:49","slug":"aeroport-de-douala-une-panne-sur-le-balisage-lumineux-perturbe-le-trafic-depuis-2-jours","status":"publish","type":"post","link":"https:\/\/linitiative.ca\/International\/aeroport-de-douala-une-panne-sur-le-balisage-lumineux-perturbe-le-trafic-depuis-2-jours\/","title":{"rendered":"A\u00e9roport de Douala : une panne sur le balisage lumineux perturbe le trafic depuis 2 jours"},"content":{"rendered":"<div>\n<p>C\u2019est conform\u00e9ment au r\u00e8glement Notam (Notice to airmen), sur les avis usagers a\u00e9riens que le public est inform\u00e9 d\u2019une situation in\u00e9dite survenue \u00e0 l\u2019a\u00e9roport international de Douala. La principale plateforme a\u00e9roportuaire du Cameroun conna\u00eet depuis 48 heures de graves dysfonctionnements techniques \u00e0 l\u2019origine de perturbations du trafic. Le syst\u00e8me de balisage lumineux de piste et des aides \u00e0 la navigation a\u00e9rienne de l\u2019a\u00e9roport international de Douala est en effet hors-service. Cet incident technique est \u00e0 l\u2019origine d\u2019une interruption de vols en provenance ou \u00e0 destination de Douala. \u00abL\u2019exploitation de l\u2019a\u00e9roport international de Douala est perturb\u00e9e depuis quelques jours\u2026.Cette situation a eu pour cons\u00e9quences directes le report de certains vols au d\u00e9part de cet a\u00e9roport et le d\u00e9routement d\u2019autres vols qui devaient y atterrir, entra\u00eenant ainsi des perturbations dans les programmes d\u2019exploitation des compagnies a\u00e9riennes desservant cette plateforme\u00bb, indique un communiqu\u00e9 de ce 24 juin 2021, rendu public par Jean Ernest Mass\u00e9na Ngalle Bibehe, le Ministre des transports.<\/p>\n<p><strong>Lire aussi<\/strong> : <strong><a href=\"https:\/\/ecomatin.net\/reprise-imminente-des-travaux-de-modernisation-de-laeroport-de-douala\/\">Reprise imminente des travaux de modernisation de l\u2019a\u00e9roport de Douala<\/a><\/strong><\/p>\n<p>Le balisage lumineux sur les pistes d\u2019a\u00e9roport est constitu\u00e9 d\u2019\u00e9quipements \u00e9lectriques qui jalonnent un cheminement au sol. D\u2019apr\u00e8s les experts, ces feux guident les pilotes lors du d\u00e9collage, de l\u2019atterrissage et lors de la circulation depuis le point de parking de l\u2019avion jusqu\u2019aux pistes.<\/p>\n<p>\u00abEncastr\u00e9es dans la chauss\u00e9e, ces aides visuelles lumineuses sont positionn\u00e9es sur les pistes et les voies de circulation, tous les 15 m\u00e8tres environ. De jour, on les aper\u00e7oit peu : on distingue juste une saillie d\u2019un centim\u00e8tre environ. Elles sont surtout utiles la nuit, ou quand les conditions m\u00e9t\u00e9o sont mauvaises. Autrement dit, quand le balisage diurne, c\u2019est-\u00e0-dire les marques de peinture au sol, n\u2019est pas visible\u00bb, indique J\u00e9r\u00e9my B\u00e2ton, un expert de ce segment de l\u2019a\u00e9ronautique. D\u2019apr\u00e8s\u00a0le Ministre des transports, tutelle administrative des A\u00e9roports du Cameroun (ADC), les dysfonctionnements observ\u00e9s sur le syst\u00e8me de balisage lumineux \u00abseraient li\u00e9s \u00e0 un d\u00e9faut d\u2019isolement de l\u2019ensemble des c\u00e2bles\u00bb. Toujours relativement au communiqu\u00e9 du Ministre des transports, l\u2019Agence pour la s\u00e9curit\u00e9 de la navigation a\u00e9rienne en Afrique et Madagascar (Asecna), \u00e0 travers ses services techniques, s\u2019active pour un retour rapide \u00e0 la normale.\u00a0<\/p>\n<p><strong>Lire aussi<\/strong> : <strong><a href=\"https:\/\/ecomatin.net\/aeroport-international-de-douala-prepare-la-reprise-des-vols\/\">A\u00e9roport international de Douala pr\u00e9pare la reprise des vols<\/a><\/strong><\/p>\n<p>Au-del\u00e0 des perturbations provoqu\u00e9es par cet incident, il n\u2019est pas superflu de questionner la qualit\u00e9 de ce syst\u00e8me. Ainsi que la fr\u00e9quence de la maintenance de ce dispositif incontournable pour la s\u00e9curit\u00e9 et la s\u00fbret\u00e9 de la navigation a\u00e9rienne. Les A\u00e9roports du Cameroun ont lanc\u00e9 depuis 2015, un vaste\u00a0 projet de r\u00e9habilitation de l\u2019a\u00e9roport international de Douala (Prad). Plusieurs r\u00e9novations ont en effet \u00e9t\u00e9 r\u00e9alis\u00e9es : la mesure photom\u00e9trique des feux et panneaux a\u00e9ronautiques, la mise en place d\u2019une solution de gestion \u00e9lectronique du courrier (Gec), la s\u00e9curisation du r\u00e9seau informatique des Adc. SA, la mise en place de ses p\u00e9riph\u00e9riques d\u2019impression et logistique Hms, ou encore la mise en place des \u00e9quipements d\u2019assistance des passagers \u00e0 mobilit\u00e9 r\u00e9duite et l\u2019\u00e9vacuation des maladies, remise en forme des chauss\u00e9es et aires de trafic etc\u2026.<\/p>\n<p><strong>Lire aussi<\/strong> : <strong><a href=\"https:\/\/ecomatin.net\/aeroports-du-cameroun-70-des-activites-perturbees\/\">A\u00e9roports du Cameroun : 70% des activit\u00e9s perturb\u00e9es<\/a><\/strong><\/p>\n<p>L\u2019a\u00e9roport international de Douala dispose de 12 postes de stationnement pour les a\u00e9ronefs, un terminal passagers d\u2019une capacit\u00e9 de 1,5 millions de voyageurs par an, 20 comptoirs d\u2019enregistrement, 6 portes d\u2019embarquement\/d\u00e9barquement chacune \u00e9quip\u00e9e d\u2019une passerelle. Le terminal cargo est \u00e9quip\u00e9 pour traiter jusqu\u2019\u00e0 50.000 tonnes de fret. Pr\u00e8s de 28.000 tonnes ont \u00e9t\u00e9 trait\u00e9es en 2018. Il a \u00e9t\u00e9 ouvert \u00e0 la circulation a\u00e9rienne publique en 1977. La plateforme a\u00e9roportuaire de Douala assure\u00a043% du trafic interne et 72% du trafic international. En 2017, l\u2019a\u00e9roport international de Douala a atteint le pic de 1,1 million de trafic de passagers. Une vingtaine de compagnies a\u00e9riennes desservent l\u2019a\u00e9roport international de Douala.<\/p>\n<p>L\u2019article <a rel=\"nofollow\" href=\"https:\/\/ecomatin.net\/aeroportt-de-douala-une-panne-sur-le-balisage-lumineux-perturbe-le-trafic-depuis-2-jours\/\">A\u00e9roport de Douala : une panne sur le balisage lumineux perturbe le trafic depuis 2 jours<\/a> est apparu en premier sur <a rel=\"nofollow\" href=\"https:\/\/ecomatin.net\/\">EcoMatin<\/a>.<\/p>\n<\/div>\n<p>Auteur: Georges Semey<br \/>\n<a href=\"https:\/\/ecomatin.net\/aeroportt-de-douala-une-panne-sur-le-balisage-lumineux-perturbe-le-trafic-depuis-2-jours\/\">Cliquez ici pour lire l&rsquo;article depuis sa source.<\/a><\/p>\n","protected":false},"excerpt":{"rendered":"<p>C\u2019est conform\u00e9ment au r\u00e8glement Notam (Notice to airmen), sur les avis usagers a\u00e9riens que le public est inform\u00e9 d\u2019une situation in\u00e9dite survenue \u00e0 l\u2019a\u00e9roport international de Douala. La principale plateforme a\u00e9roportuaire du Cameroun conna\u00eet depuis 48 heures de graves dysfonctionnements techniques \u00e0 l\u2019origine de perturbations du trafic. Le syst\u00e8me de balisage lumineux de piste et [&hellip;]<\/p>\n","protected":false},"author":1969,"featured_media":0,"comment_status":"closed","ping_status":"closed","sticky":false,"template":"","format":"standard","meta":{"fifu_image_url":"","fifu_image_alt":"","footnotes":""},"categories":[82,78],"tags":[],"class_list":["post-119467","post","type-post","status-publish","format-standard","hentry","category-cameroun","category-economie"],"_links":{"self":[{"href":"https:\/\/linitiative.ca\/International\/wp-json\/wp\/v2\/posts\/119467","targetHints":{"allow":["GET"]}}],"collection":[{"href":"https:\/\/linitiative.ca\/International\/wp-json\/wp\/v2\/posts"}],"about":[{"href":"https:\/\/linitiative.ca\/International\/wp-json\/wp\/v2\/types\/post"}],"author":[{"embeddable":true,"href":"https:\/\/linitiative.ca\/International\/wp-json\/wp\/v2\/users\/1969"}],"replies":[{"embeddable":true,"href":"https:\/\/linitiative.ca\/International\/wp-json\/wp\/v2\/comments?post=119467"}],"version-history":[{"count":0,"href":"https:\/\/linitiative.ca\/International\/wp-json\/wp\/v2\/posts\/119467\/revisions"}],"wp:attachment":[{"href":"https:\/\/linitiative.ca\/International\/wp-json\/wp\/v2\/media?parent=119467"}],"wp:term":[{"taxonomy":"category","embeddable":true,"href":"https:\/\/linitiative.ca\/International\/wp-json\/wp\/v2\/categories?post=119467"},{"taxonomy":"post_tag","embeddable":true,"href":"https:\/\/linitiative.ca\/International\/wp-json\/wp\/v2\/tags?post=119467"}],"curies":[{"name":"wp","href":"https:\/\/api.w.org\/{rel}","templated":true}]}}