{"id":119469,"date":"2021-06-24T14:22:33","date_gmt":"2021-06-24T18:22:33","guid":{"rendered":"https:\/\/linitiative.ca\/International\/la-presentation-du-rapport-du-covidgate-aux-deputes-renvoyee-sine-die\/"},"modified":"2021-06-24T14:22:33","modified_gmt":"2021-06-24T18:22:33","slug":"la-presentation-du-rapport-du-covidgate-aux-deputes-renvoyee-sine-die","status":"publish","type":"post","link":"https:\/\/linitiative.ca\/International\/la-presentation-du-rapport-du-covidgate-aux-deputes-renvoyee-sine-die\/","title":{"rendered":"La pr\u00e9sentation du rapport du Covidgate aux d\u00e9put\u00e9s renvoy\u00e9e sine die"},"content":{"rendered":"<div>\n<p>Fausse alerte! Les \u00e9lus de la nation doivent prendre leur mal en patience pour savoir ce qui a \u00e9t\u00e9 fait des ressources que le gouvernement a g\u00e9r\u00e9es dans le cadre de la lutte contre la pand\u00e9mie de la Covid-19. Initialement programm\u00e9e le 25 juin 2021 \u00e0 9 heures 30 minutes, la S\u00e9ance pl\u00e9ni\u00e8re sp\u00e9ciale sur la \u00ab pr\u00e9sentation du rapport annuel et le rapport d\u2019audit du Fonds sp\u00e9cial de solidarit\u00e9 nationale pour la lutte contre le coronavirus et ses r\u00e9percussions \u00e9conomiques et sociales par la Chambre des Comptes \u00bb n\u2019aura plus lieu. Elle a \u00e9t\u00e9 report\u00e9e sine die.\u00a0<\/p>\n<p>En effet, le programme des travaux de la journ\u00e9e du 25 juin a \u00e9t\u00e9 compl\u00e8tement chamboul\u00e9. Il ne pr\u00e9voit \u00e0 pr\u00e9sent qu\u2019un seul point \u00e0 l\u2019ordre du jour: la r\u00e9union trimestrielle des membres de la commission des Finances et du Budget, \u00e0 10 heures. Or, dans le programme communiqu\u00e9 le 23 juin dernier par le secr\u00e9taire g\u00e9n\u00e9ral de l\u2019Assembl\u00e9e nationale, Gaston Komba, cette r\u00e9union devait se tenir \u00e0 14 heures, apr\u00e8s la s\u00e9ance sp\u00e9ciale consacr\u00e9e \u00e0 la Chambre des Comptes. On e\u00fbt cru que cette s\u00e9ance sp\u00e9ciale serait reprogramm\u00e9e le lendemain mais h\u00e9las, c\u2019est plut\u00f4t le parlement des enfants qui aura\u00a0 lieu, \u00e0 10 heures, ce samedi 26 juin. Le secr\u00e9tariat g\u00e9n\u00e9ral de l\u2019Assembl\u00e9e nationale ne donne aucune explication par rapport \u00e0 ce changement d\u2019agenda de derni\u00e8re minute.\u00a0<\/p>\n<p>Attendu \u00e0 la fin du premier trimestre 2021, notamment lors de la session parlementaire de mars, le rapport d\u2019audit du Fonds sp\u00e9cial de solidarit\u00e9 nationale pour la lutte contre le coronavirus et ses r\u00e9percussions \u00e9conomiques et sociales r\u00e9alis\u00e9 par la Chambre des Comptes tend \u00e0 devenir un serpent de mer. Ce qui alimente toute sorte de commentaires aussi bien dans les salons hupp\u00e9s des grandes m\u00e9tropoles que dans les chaumi\u00e8res.\u00a0<\/p>\n<p><strong>Malversations financi\u00e8re<\/strong><\/p>\n<p>Fin mars 2021, la synth\u00e8se du rapport g\u00e9n\u00e9ral du premier rapport d\u2019audit de la Chambre des Comptes sur l\u2019utilisation des ressources du Fonds sp\u00e9cial de solidarit\u00e9 nationale pour la lutte contre le coronavirus a fuit\u00e9 dans la presse. Dans ce document, la Haute Juridiction financi\u00e8re s\u2019\u00e9tait appesantie sur les minist\u00e8res de la Sant\u00e9 publique (Minsante) et de la Recherche scientifique et de l\u2019Innovation (Minresi). La Chambre des Comptes avait alors constat\u00e9 que \u00ab le syst\u00e8me organisationnel et la gestion financi\u00e8re des ressources ont mis \u00e0 jour des faiblesses et r\u00e9v\u00e9l\u00e9 de nombreux abus. \u00bb Le rapport rel\u00e8ve 30 proc\u00e9dures de faute de gestion des responsables du Minsante et du Minresi. La Juridiction financi\u00e8re recommande l\u2019ouverture de 10 proc\u00e9dures concernant des faits susceptibles de constituer des infractions \u00e0 la loi p\u00e9nale.<\/p>\n<p>Selon une correspondance du ministre d\u2019Etat, Secr\u00e9taire g\u00e9n\u00e9ral de la pr\u00e9sidence de la R\u00e9publique adress\u00e9e au ministre d\u00e9l\u00e9gu\u00e9 en charge du Contr\u00f4le sup\u00e9rieur de l\u2019Etat, le rapport d\u2019audit des fonds Covid au minist\u00e8re de la Sant\u00e9 publique \u00ab\u00a0faciliterait la conclusion avec le FMI d\u2019un nouveau programme \u00e9conomique et financier.\u201d\u00a0<\/p>\n<p>En rappel, c\u2019est dans la \u201cLettre d\u2019intention pour l\u2019acc\u00e8s aux ressources de la Facilit\u00e9 de Cr\u00e9dit Rapide\u201d adress\u00e9e le 5 octobre 2020 par le ministre des Finances (Minfi) \u00e0 la directrice g\u00e9n\u00e9rale du FMI, que le gouvernement a pris entre autres engagements celui de \u201ccommander un audit ind\u00e9pendant de ces d\u00e9penses \u00e0 la fin de l\u2019exercice 2020 et en publier les r\u00e9sultats.\u201d<\/p>\n<p>L\u2019article <a rel=\"nofollow\" href=\"https:\/\/ecomatin.net\/la-presentation-du-rapport-du-covidgate-aux-deputess-renvoyee-sine-die\/\">La pr\u00e9sentation du rapport du Covidgate aux d\u00e9put\u00e9s renvoy\u00e9e sine die<\/a> est apparu en premier sur <a rel=\"nofollow\" href=\"https:\/\/ecomatin.net\/\">EcoMatin<\/a>.<\/p>\n<\/div>\n<p>Auteur: Philipe NSOA<br \/>\n<a href=\"https:\/\/ecomatin.net\/la-presentation-du-rapport-du-covidgate-aux-deputess-renvoyee-sine-die\/\">Cliquez ici pour lire l&rsquo;article depuis sa source.<\/a><\/p>\n","protected":false},"excerpt":{"rendered":"<p>Fausse alerte! Les \u00e9lus de la nation doivent prendre leur mal en patience pour savoir ce qui a \u00e9t\u00e9 fait des ressources que le gouvernement a g\u00e9r\u00e9es dans le cadre de la lutte contre la pand\u00e9mie de la Covid-19. Initialement programm\u00e9e le 25 juin 2021 \u00e0 9 heures 30 minutes, la S\u00e9ance pl\u00e9ni\u00e8re sp\u00e9ciale sur [&hellip;]<\/p>\n","protected":false},"author":1969,"featured_media":0,"comment_status":"closed","ping_status":"closed","sticky":false,"template":"","format":"standard","meta":{"fifu_image_url":"","fifu_image_alt":"","footnotes":""},"categories":[82,78],"tags":[],"class_list":["post-119469","post","type-post","status-publish","format-standard","hentry","category-cameroun","category-economie"],"_links":{"self":[{"href":"https:\/\/linitiative.ca\/International\/wp-json\/wp\/v2\/posts\/119469","targetHints":{"allow":["GET"]}}],"collection":[{"href":"https:\/\/linitiative.ca\/International\/wp-json\/wp\/v2\/posts"}],"about":[{"href":"https:\/\/linitiative.ca\/International\/wp-json\/wp\/v2\/types\/post"}],"author":[{"embeddable":true,"href":"https:\/\/linitiative.ca\/International\/wp-json\/wp\/v2\/users\/1969"}],"replies":[{"embeddable":true,"href":"https:\/\/linitiative.ca\/International\/wp-json\/wp\/v2\/comments?post=119469"}],"version-history":[{"count":0,"href":"https:\/\/linitiative.ca\/International\/wp-json\/wp\/v2\/posts\/119469\/revisions"}],"wp:attachment":[{"href":"https:\/\/linitiative.ca\/International\/wp-json\/wp\/v2\/media?parent=119469"}],"wp:term":[{"taxonomy":"category","embeddable":true,"href":"https:\/\/linitiative.ca\/International\/wp-json\/wp\/v2\/categories?post=119469"},{"taxonomy":"post_tag","embeddable":true,"href":"https:\/\/linitiative.ca\/International\/wp-json\/wp\/v2\/tags?post=119469"}],"curies":[{"name":"wp","href":"https:\/\/api.w.org\/{rel}","templated":true}]}}