{"id":119470,"date":"2021-06-25T10:46:04","date_gmt":"2021-06-25T14:46:04","guid":{"rendered":"https:\/\/linitiative.ca\/International\/b7arblaplastic-la-fondation-mohammed-vi-pour-la-protection-de-lenvironnement-renforce-son-action\/"},"modified":"2021-06-25T10:46:04","modified_gmt":"2021-06-25T14:46:04","slug":"b7arblaplastic-la-fondation-mohammed-vi-pour-la-protection-de-lenvironnement-renforce-son-action","status":"publish","type":"post","link":"https:\/\/linitiative.ca\/International\/b7arblaplastic-la-fondation-mohammed-vi-pour-la-protection-de-lenvironnement-renforce-son-action\/","title":{"rendered":"\u00abB7arblaplastic\u00bb\u00a0: La Fondation Mohammed VI pour la Protection de l\u2019Environnement renforce son action \u00a0\u00a0\u00a0"},"content":{"rendered":"<div>\n<p><img decoding=\"async\" width=\"300\" height=\"153\" src=\"https:\/\/linitiative.ca\/International\/wp-content\/uploads\/sites\/23\/2021\/06\/Fondation-Mohammed-VI-pour-la-Protection-de-lEnvironnement-renforce-son-action-300x153-1.jpg\" class=\"attachment-medium size-medium wp-post-image\" alt=\"\" loading=\"lazy\" srcset=\"\/\/aujourdhui.ma\/wp-content\/uploads\/2021\/06\/Fondation-Mohammed-VI-pour-la-Protection-de-lEnvironnement-renforce-son-action--300x153.jpg 300w, \/\/aujourdhui.ma\/wp-content\/uploads\/2021\/06\/Fondation-Mohammed-VI-pour-la-Protection-de-lEnvironnement-renforce-son-action--274x140.jpg 274w, \/\/aujourdhui.ma\/wp-content\/uploads\/2021\/06\/Fondation-Mohammed-VI-pour-la-Protection-de-lEnvironnement-renforce-son-action-.jpg 746w, \/\/aujourdhui.ma\/wp-content\/uploads\/2021\/06\/Fondation-Mohammed-VI-pour-la-Protection-de-lEnvironnement-renforce-son-action--165x84.jpg 165w, \/\/aujourdhui.ma\/wp-content\/uploads\/2021\/06\/Fondation-Mohammed-VI-pour-la-Protection-de-lEnvironnement-renforce-son-action--702x358.jpg 702w\" sizes=\"auto, (max-width: 300px) 100vw, 300px\"><\/p>\n<p><span style=\"color: #800000;\"><strong>Pr\u00e9sid\u00e9e par Son Altesse Royale la Princesse Lalla Hasnaa, la Fondation Mohammed VI pour la Protection de l\u2019Environnement poursuit son engagement pour lutter contre la pollution des mers et des oc\u00e9ans par les d\u00e9chets plastiques.<\/strong><\/span><span id=\"more-380123\"><\/span><\/p>\n<p>Cet \u00e9t\u00e9, la fondation d\u00e9ploie de nouveau son op\u00e9ration \u00ab\u00a0#b7arblaplastic\u00a0\u00bb lanc\u00e9e en 2019 et qui a \u00e9t\u00e9 un v\u00e9ritable succ\u00e8s gr\u00e2ce \u00e0 l\u2019engagement des partenaires et \u00e0 la motivation des participants. L\u2019op\u00e9ration a re\u00e7u en 2020 la distinction de la meilleure bonne pratique d\u2019\u00e9ducation \u00e0 l\u2019environnement sur les 4425 plages labellis\u00e9es Pavillon bleu dans le monde, rel\u00e8ve la Fondation dans un communiqu\u00e9. Alors que les Marocains ont retrouv\u00e9 le chemin des plages dans le respect des mesures sanitaires encore en vigueur, comme la distanciation sociale, les gestes barri\u00e8res, le port du masque, la Fondation compte axer sa campagne sur les 105 plages de son programme Plages Propres. Pour la saison estivale 2021, cette op\u00e9ration de sensibilisation reprendra les trois temps forts de la premi\u00e8re \u00e9dition. Il s\u2019agit de la mobilisation d\u2019un million de jeunes sur la p\u00e9riode d\u2019\u00e9t\u00e9 et le d\u00e9ploiement de 10.000 actions de sensibilisation et d\u2019\u00e9ducation au d\u00e9veloppement durable aupr\u00e8s d\u2019eux. Cette initiative pr\u00e9voit aussi la r\u00e9cup\u00e9ration de 10 tonnes de plastique par plage pendant la p\u00e9riode estivale, souligne la fondation qui r\u00e9it\u00e8re sa mobilisation pour les plages, le littoral, les mers et les oc\u00e9ans, dont le r\u00f4le pour la pr\u00e9servation du climat est capital.<\/p>\n<p>Pour y parvenir, des associations de plong\u00e9e s\u2019activeront pour sensibiliser les jeunes des programmes Eco-Ecoles, Jeunes Reporters pour l\u2019Environnement et du R\u00e9seau des Universit\u00e9s vertes aux d\u00e9chets plastiques dans les fonds marins. Des jeux concours et des d\u00e9fis virtuels mobiliseront les jeunes autour de l\u2019op\u00e9ration \u00ab\u00a0#b7arblaplastic\u00a0\u00bb. Cette ann\u00e9e, les d\u00e9chets plastiques collect\u00e9s sur les plages seront recycl\u00e9s dans des unit\u00e9s de recyclage qui se sont port\u00e9es volontaires pour cette op\u00e9ration. Notons que l\u2019op\u00e9ration #b7arblaplastic, vient d\u2019\u00eatre inscrite \u00e0 la D\u00e9cennie pour les Sciences oc\u00e9aniques au service du D\u00e9veloppement Durable (2021-2030) lanc\u00e9e par la Commission Oc\u00e9anographique Intergouvernementale (COI) de l\u2019UNESCO et que la Fondation a rejoint comme membre fondateur de l\u2019alliance qui la pilote dans le monde, pr\u00e9cise la m\u00eame source.<\/p>\n<p>\u00a0<\/p>\n<\/div>\n<p>Auteur: ALM<br \/>\n<a href=\"https:\/\/aujourdhui.ma\/societe\/b7arblaplastic-la-fondation-mohammed-vi-pour-la-protection-de-lenvironnement-renforce-son-action\">Cliquez ici pour lire l&rsquo;article depuis sa source.<\/a><\/p>\n","protected":false},"excerpt":{"rendered":"<p>Pr\u00e9sid\u00e9e par Son Altesse Royale la Princesse Lalla Hasnaa, la Fondation Mohammed VI pour la Protection de l\u2019Environnement poursuit son engagement pour lutter contre la pollution des mers et des oc\u00e9ans par les d\u00e9chets plastiques. Cet \u00e9t\u00e9, la fondation d\u00e9ploie de nouveau son op\u00e9ration \u00ab\u00a0#b7arblaplastic\u00a0\u00bb lanc\u00e9e en 2019 et qui a \u00e9t\u00e9 un v\u00e9ritable succ\u00e8s [&hellip;]<\/p>\n","protected":false},"author":1759,"featured_media":0,"comment_status":"closed","ping_status":"closed","sticky":false,"template":"","format":"standard","meta":{"fifu_image_url":"https:\/\/aujourdhui.ma\/wp-content\/uploads\/2021\/06\/Fondation-Mohammed-VI-pour-la-Protection-de-lEnvironnement-renforce-son-action--300x153.jpg","fifu_image_alt":"\u00abB7arblaplastic\u00bb\u00a0: La Fondation Mohammed VI pour la Protection de l\u2019Environnement renforce son action \u00a0\u00a0\u00a0","footnotes":""},"categories":[73,54],"tags":[],"class_list":["post-119470","post","type-post","status-publish","format-standard","hentry","category-actualite","category-maroc"],"_links":{"self":[{"href":"https:\/\/linitiative.ca\/International\/wp-json\/wp\/v2\/posts\/119470","targetHints":{"allow":["GET"]}}],"collection":[{"href":"https:\/\/linitiative.ca\/International\/wp-json\/wp\/v2\/posts"}],"about":[{"href":"https:\/\/linitiative.ca\/International\/wp-json\/wp\/v2\/types\/post"}],"author":[{"embeddable":true,"href":"https:\/\/linitiative.ca\/International\/wp-json\/wp\/v2\/users\/1759"}],"replies":[{"embeddable":true,"href":"https:\/\/linitiative.ca\/International\/wp-json\/wp\/v2\/comments?post=119470"}],"version-history":[{"count":0,"href":"https:\/\/linitiative.ca\/International\/wp-json\/wp\/v2\/posts\/119470\/revisions"}],"wp:attachment":[{"href":"https:\/\/linitiative.ca\/International\/wp-json\/wp\/v2\/media?parent=119470"}],"wp:term":[{"taxonomy":"category","embeddable":true,"href":"https:\/\/linitiative.ca\/International\/wp-json\/wp\/v2\/categories?post=119470"},{"taxonomy":"post_tag","embeddable":true,"href":"https:\/\/linitiative.ca\/International\/wp-json\/wp\/v2\/tags?post=119470"}],"curies":[{"name":"wp","href":"https:\/\/api.w.org\/{rel}","templated":true}]}}