{"id":119474,"date":"2021-06-25T11:17:39","date_gmt":"2021-06-25T15:17:39","guid":{"rendered":"https:\/\/linitiative.ca\/International\/la-situation-epidemiologique-au-25-juin-2021-a-16h00\/"},"modified":"2021-06-25T11:17:39","modified_gmt":"2021-06-25T15:17:39","slug":"la-situation-epidemiologique-au-25-juin-2021-a-16h00","status":"publish","type":"post","link":"https:\/\/linitiative.ca\/International\/la-situation-epidemiologique-au-25-juin-2021-a-16h00\/","title":{"rendered":"La situation \u00e9pid\u00e9miologique au 25 juin 2021 \u00e0 16H00"},"content":{"rendered":"<div>\n<p><img decoding=\"async\" width=\"300\" height=\"153\" src=\"https:\/\/linitiative.ca\/International\/wp-content\/uploads\/sites\/23\/2021\/06\/Jeune-Coronavirus-Covid-19-Maroc-300x153-1.jpg\" class=\"attachment-medium size-medium wp-post-image\" alt=\"\" loading=\"lazy\" srcset=\"\/\/aujourdhui.ma\/wp-content\/uploads\/2020\/08\/Jeune-Coronavirus-Covid-19-Maroc-300x153.jpg 300w, \/\/aujourdhui.ma\/wp-content\/uploads\/2020\/08\/Jeune-Coronavirus-Covid-19-Maroc-274x140.jpg 274w, \/\/aujourdhui.ma\/wp-content\/uploads\/2020\/08\/Jeune-Coronavirus-Covid-19-Maroc.jpg 746w, \/\/aujourdhui.ma\/wp-content\/uploads\/2020\/08\/Jeune-Coronavirus-Covid-19-Maroc-165x84.jpg 165w, \/\/aujourdhui.ma\/wp-content\/uploads\/2020\/08\/Jeune-Coronavirus-Covid-19-Maroc-702x358.jpg 702w\" sizes=\"auto, (max-width: 300px) 100vw, 300px\"><\/p>\n<p>551 nouveaux cas soit un cumul de 528.731\u00a0 cas \u00e0 ce jour.<br \/>\n507 gu\u00e9risons soit un cumul de 515.537 \u00e0 ce jour.<br \/>\n3 nouveaux d\u00e9c\u00e8s donc un cumul de 9.261 \u00e0 ce jour.<\/p>\n<p><span id=\"more-380127\"><\/span><\/p>\n<p><strong>Nombre de personnes vaccin\u00e9es au 25 juin 16H00<\/strong><br \/>\n1\u00e8re dose<br \/>\n9 810 963<br \/>\n2\u00e8me dose<br \/>\n8 794 393<\/p>\n<p><a href=\"https:\/\/linitiative.ca\/International\/wp-content\/uploads\/sites\/23\/2021\/06\/25.6.21.COVID-19_Page_1.jpg\"><img decoding=\"async\" loading=\"lazy\" class=\"alignnone size-full wp-image-380128\" src=\"https:\/\/linitiative.ca\/International\/wp-content\/uploads\/sites\/23\/2021\/06\/25.6.21.COVID-19_Page_1.jpg\" alt=\"\" width=\"1654\" height=\"2339\" srcset=\"\/\/aujourdhui.ma\/wp-content\/uploads\/2021\/06\/25.6.21.COVID-19_Page_1.jpg 1654w, \/\/aujourdhui.ma\/wp-content\/uploads\/2021\/06\/25.6.21.COVID-19_Page_1-212x300.jpg 212w, \/\/aujourdhui.ma\/wp-content\/uploads\/2021\/06\/25.6.21.COVID-19_Page_1-724x1024.jpg 724w, \/\/aujourdhui.ma\/wp-content\/uploads\/2021\/06\/25.6.21.COVID-19_Page_1-768x1086.jpg 768w, \/\/aujourdhui.ma\/wp-content\/uploads\/2021\/06\/25.6.21.COVID-19_Page_1-1086x1536.jpg 1086w, \/\/aujourdhui.ma\/wp-content\/uploads\/2021\/06\/25.6.21.COVID-19_Page_1-1448x2048.jpg 1448w\" sizes=\"auto, (max-width: 1654px) 100vw, 1654px\"><\/a> <a href=\"https:\/\/linitiative.ca\/International\/wp-content\/uploads\/sites\/23\/2021\/06\/25.6.21.COVID-19_Page_2.jpg\"><img decoding=\"async\" loading=\"lazy\" class=\"alignnone size-full wp-image-380129\" src=\"https:\/\/linitiative.ca\/International\/wp-content\/uploads\/sites\/23\/2021\/06\/25.6.21.COVID-19_Page_2.jpg\" alt=\"\" width=\"1654\" height=\"2339\" srcset=\"\/\/aujourdhui.ma\/wp-content\/uploads\/2021\/06\/25.6.21.COVID-19_Page_2.jpg 1654w, \/\/aujourdhui.ma\/wp-content\/uploads\/2021\/06\/25.6.21.COVID-19_Page_2-212x300.jpg 212w, \/\/aujourdhui.ma\/wp-content\/uploads\/2021\/06\/25.6.21.COVID-19_Page_2-724x1024.jpg 724w, \/\/aujourdhui.ma\/wp-content\/uploads\/2021\/06\/25.6.21.COVID-19_Page_2-768x1086.jpg 768w, \/\/aujourdhui.ma\/wp-content\/uploads\/2021\/06\/25.6.21.COVID-19_Page_2-1086x1536.jpg 1086w, \/\/aujourdhui.ma\/wp-content\/uploads\/2021\/06\/25.6.21.COVID-19_Page_2-1448x2048.jpg 1448w\" sizes=\"auto, (max-width: 1654px) 100vw, 1654px\"><\/a> <a href=\"https:\/\/linitiative.ca\/International\/wp-content\/uploads\/sites\/23\/2021\/06\/25.6.21.COVID-19_Page_3.jpg\"><img decoding=\"async\" loading=\"lazy\" class=\"alignnone size-full wp-image-380130\" src=\"https:\/\/linitiative.ca\/International\/wp-content\/uploads\/sites\/23\/2021\/06\/25.6.21.COVID-19_Page_3.jpg\" alt=\"\" width=\"1654\" height=\"2339\" srcset=\"\/\/aujourdhui.ma\/wp-content\/uploads\/2021\/06\/25.6.21.COVID-19_Page_3.jpg 1654w, \/\/aujourdhui.ma\/wp-content\/uploads\/2021\/06\/25.6.21.COVID-19_Page_3-212x300.jpg 212w, \/\/aujourdhui.ma\/wp-content\/uploads\/2021\/06\/25.6.21.COVID-19_Page_3-724x1024.jpg 724w, \/\/aujourdhui.ma\/wp-content\/uploads\/2021\/06\/25.6.21.COVID-19_Page_3-768x1086.jpg 768w, \/\/aujourdhui.ma\/wp-content\/uploads\/2021\/06\/25.6.21.COVID-19_Page_3-1086x1536.jpg 1086w, \/\/aujourdhui.ma\/wp-content\/uploads\/2021\/06\/25.6.21.COVID-19_Page_3-1448x2048.jpg 1448w\" sizes=\"auto, (max-width: 1654px) 100vw, 1654px\"><\/a> <a href=\"https:\/\/linitiative.ca\/International\/wp-content\/uploads\/sites\/23\/2021\/06\/25.6.21.COVID-19_Page_4.jpg\"><img decoding=\"async\" loading=\"lazy\" class=\"alignnone size-full wp-image-380131\" src=\"https:\/\/linitiative.ca\/International\/wp-content\/uploads\/sites\/23\/2021\/06\/25.6.21.COVID-19_Page_4.jpg\" alt=\"\" width=\"1654\" height=\"2339\" srcset=\"\/\/aujourdhui.ma\/wp-content\/uploads\/2021\/06\/25.6.21.COVID-19_Page_4.jpg 1654w, \/\/aujourdhui.ma\/wp-content\/uploads\/2021\/06\/25.6.21.COVID-19_Page_4-212x300.jpg 212w, \/\/aujourdhui.ma\/wp-content\/uploads\/2021\/06\/25.6.21.COVID-19_Page_4-724x1024.jpg 724w, \/\/aujourdhui.ma\/wp-content\/uploads\/2021\/06\/25.6.21.COVID-19_Page_4-768x1086.jpg 768w, \/\/aujourdhui.ma\/wp-content\/uploads\/2021\/06\/25.6.21.COVID-19_Page_4-1086x1536.jpg 1086w, \/\/aujourdhui.ma\/wp-content\/uploads\/2021\/06\/25.6.21.COVID-19_Page_4-1448x2048.jpg 1448w\" sizes=\"auto, (max-width: 1654px) 100vw, 1654px\"><\/a> <a href=\"https:\/\/linitiative.ca\/International\/wp-content\/uploads\/sites\/23\/2021\/06\/25.6.21.COVID-19_Page_5.jpg\"><img decoding=\"async\" loading=\"lazy\" class=\"alignnone size-full wp-image-380132\" src=\"https:\/\/linitiative.ca\/International\/wp-content\/uploads\/sites\/23\/2021\/06\/25.6.21.COVID-19_Page_5.jpg\" alt=\"\" width=\"2339\" height=\"1654\" srcset=\"\/\/aujourdhui.ma\/wp-content\/uploads\/2021\/06\/25.6.21.COVID-19_Page_5.jpg 2339w, \/\/aujourdhui.ma\/wp-content\/uploads\/2021\/06\/25.6.21.COVID-19_Page_5-300x212.jpg 300w, \/\/aujourdhui.ma\/wp-content\/uploads\/2021\/06\/25.6.21.COVID-19_Page_5-1024x724.jpg 1024w, \/\/aujourdhui.ma\/wp-content\/uploads\/2021\/06\/25.6.21.COVID-19_Page_5-768x543.jpg 768w, \/\/aujourdhui.ma\/wp-content\/uploads\/2021\/06\/25.6.21.COVID-19_Page_5-1536x1086.jpg 1536w, \/\/aujourdhui.ma\/wp-content\/uploads\/2021\/06\/25.6.21.COVID-19_Page_5-2048x1448.jpg 2048w\" sizes=\"auto, (max-width: 2339px) 100vw, 2339px\"><\/a><\/p>\n<p>\u00a0<\/p>\n<p>\u00a0<\/p>\n<\/div>\n<p>Auteur: ALM<br \/>\n<a href=\"https:\/\/aujourdhui.ma\/societe\/la-situation-epidemiologique-au-25-juin-2021-a-16h00\">Cliquez ici pour lire l&rsquo;article depuis sa source.<\/a><\/p>\n","protected":false},"excerpt":{"rendered":"<p>551 nouveaux cas soit un cumul de 528.731\u00a0 cas \u00e0 ce jour. 507 gu\u00e9risons soit un cumul de 515.537 \u00e0 ce jour. 3 nouveaux d\u00e9c\u00e8s donc un cumul de 9.261 \u00e0 ce jour. Nombre de personnes vaccin\u00e9es au 25 juin 16H00 1\u00e8re dose 9 810 963 2\u00e8me dose 8 794 393 \u00a0 \u00a0 Auteur: ALM [&hellip;]<\/p>\n","protected":false},"author":1759,"featured_media":0,"comment_status":"closed","ping_status":"closed","sticky":false,"template":"","format":"standard","meta":{"fifu_image_url":"https:\/\/aujourdhui.ma\/wp-content\/uploads\/2020\/08\/Jeune-Coronavirus-Covid-19-Maroc-300x153.jpg","fifu_image_alt":"La situation \u00e9pid\u00e9miologique au 25 juin 2021 \u00e0 16H00","footnotes":""},"categories":[73,54],"tags":[],"class_list":["post-119474","post","type-post","status-publish","format-standard","hentry","category-actualite","category-maroc"],"_links":{"self":[{"href":"https:\/\/linitiative.ca\/International\/wp-json\/wp\/v2\/posts\/119474","targetHints":{"allow":["GET"]}}],"collection":[{"href":"https:\/\/linitiative.ca\/International\/wp-json\/wp\/v2\/posts"}],"about":[{"href":"https:\/\/linitiative.ca\/International\/wp-json\/wp\/v2\/types\/post"}],"author":[{"embeddable":true,"href":"https:\/\/linitiative.ca\/International\/wp-json\/wp\/v2\/users\/1759"}],"replies":[{"embeddable":true,"href":"https:\/\/linitiative.ca\/International\/wp-json\/wp\/v2\/comments?post=119474"}],"version-history":[{"count":0,"href":"https:\/\/linitiative.ca\/International\/wp-json\/wp\/v2\/posts\/119474\/revisions"}],"wp:attachment":[{"href":"https:\/\/linitiative.ca\/International\/wp-json\/wp\/v2\/media?parent=119474"}],"wp:term":[{"taxonomy":"category","embeddable":true,"href":"https:\/\/linitiative.ca\/International\/wp-json\/wp\/v2\/categories?post=119474"},{"taxonomy":"post_tag","embeddable":true,"href":"https:\/\/linitiative.ca\/International\/wp-json\/wp\/v2\/tags?post=119474"}],"curies":[{"name":"wp","href":"https:\/\/api.w.org\/{rel}","templated":true}]}}