{"id":119481,"date":"2021-06-25T11:30:50","date_gmt":"2021-06-25T15:30:50","guid":{"rendered":"https:\/\/linitiative.ca\/International\/bientot-un-programme-dautonomisation-socio-economique-en-faveur-des-saisonnieres\/"},"modified":"2021-06-25T11:30:50","modified_gmt":"2021-06-25T15:30:50","slug":"bientot-un-programme-dautonomisation-socio-economique-en-faveur-des-saisonnieres","status":"publish","type":"post","link":"https:\/\/linitiative.ca\/International\/bientot-un-programme-dautonomisation-socio-economique-en-faveur-des-saisonnieres\/","title":{"rendered":"Bient\u00f4t un programme d\u2019autonomisation socio-\u00e9conomique en faveur des saisonni\u00e8res"},"content":{"rendered":"<div>\n<p><img decoding=\"async\" width=\"300\" height=\"153\" src=\"https:\/\/linitiative.ca\/International\/wp-content\/uploads\/sites\/23\/2021\/06\/Travail-des-saisonnieres-Fraise-Espagne-300x153-1.jpg\" class=\"attachment-medium size-medium wp-post-image\" alt=\"\" loading=\"lazy\" srcset=\"\/\/aujourdhui.ma\/wp-content\/uploads\/2018\/06\/Travail-des-saisonnieres-Fraise-Espagne-300x153.jpg 300w, \/\/aujourdhui.ma\/wp-content\/uploads\/2018\/06\/Travail-des-saisonnieres-Fraise-Espagne.jpg 746w\" sizes=\"auto, (max-width: 300px) 100vw, 300px\"><\/p>\n<p><span style=\"color: #800000;\"><strong>C\u2019est un projet permettant la p\u00e9rennisation de leur ind\u00e9pendance financi\u00e8re<\/strong><\/span><span id=\"more-380097\"><\/span><\/p>\n<p>Les travailleuses saisonni\u00e8res marocaines b\u00e9n\u00e9ficieront bient\u00f4t d\u2019un programme d\u2019autonomisation socio-\u00e9conomique, un projet d\u2019accompagnement qui leur permettra de cr\u00e9er des structures \u00e9conomiques autonomes (TPE ou des activit\u00e9s g\u00e9n\u00e9ratrices de revenu). C\u2019est ce qu\u2019indique un appel d\u2019offres qui vient d\u2019\u00eatre lanc\u00e9 par l\u2019Organisation internationale pour les migrations (OIM), visant \u00e0 renforcer des capacit\u00e9s de l\u2019Agence nationale de promotion de l\u2019emploi et des comp\u00e9tences (ANAPEC) pour accompagner et renforcer cette population participant au programme de migration circulaire Maroc\/Espagne. \u00abUn certain nombre d\u2019actions seront initi\u00e9es en vue d\u2019appuyer l\u2019Anapec \u00e0 mettre sur pied un programme d\u2019autonomisation socio\u00e9conomique sp\u00e9cifiquement d\u00e9di\u00e9 \u00e0 cette population, dans une tentative de leur fournir un accompagnement rapproch\u00e9 et adapt\u00e9 tout au long de leur parcours migratoire afin qu\u2019elles puissent, \u00e0 leur retour, cr\u00e9er leurs propres projets permettant la p\u00e9rennisation de leur ind\u00e9pendance financi\u00e8re acquise auparavant gr\u00e2ce \u00e0 cette migration circulaire\u00bb, lit-on dans le document.<\/p>\n<p>Dans ce contexte, les travailleuses saisonni\u00e8res b\u00e9n\u00e9ficieront d\u2019une offre de service sp\u00e9cifique et un contenu de prestations pour faciliter leur autonomisation. Elles b\u00e9n\u00e9ficieront en effet d\u2019une orientation et un accompagnement apr\u00e8s leur retour au Maroc pour l\u2019\u00e9laboration de leurs plans d\u2019affaires et la cr\u00e9ation de leurs TPE, coop\u00e9ratives\u2026 Selon la m\u00eame source, une \u00e9tude a \u00e9t\u00e9 r\u00e9alis\u00e9e dans ce sens afin d\u2019analyser les besoins sp\u00e9cifiques des travailleuses saisonni\u00e8res et adapter efficacement les services d\u2019assistance post-retour \u00e0 mettre en place. \u00abLa r\u00e9alisation de cette \u00e9tude s\u2019est bas\u00e9e sur une enqu\u00eate exhaustive aupr\u00e8s de 300 travailleuses saisonni\u00e8res \u00e0 travers un questionnaire et des visites sur le terrain dans les trois r\u00e9gions pilotes (Rabat-Sal\u00e9-K\u00e9nitra, B\u00e9ni Mellal-Kh\u00e9nifra et Casablanca-Settat) enregistrant le nombre le plus important de saisonni\u00e8res agricoles qui partent travailler en Espagne.<\/p>\n<p>Sur la base de cette \u00e9tude, des outils audiovisuels didactiques et p\u00e9dagogiques de sensibilisation et d\u2019information destin\u00e9s aux travailleuses saisonni\u00e8res seront \u00e9labor\u00e9s\u00bb, explique la m\u00eame source.<\/p>\n<\/div>\n<p>Auteur: Siham Jadraoui<br \/>\n<a href=\"https:\/\/aujourdhui.ma\/societe\/bientot-un-programme-dautonomisation-socio-economique-en-faveur-des-saisonnieres\">Cliquez ici pour lire l&rsquo;article depuis sa source.<\/a><\/p>\n","protected":false},"excerpt":{"rendered":"<p>C\u2019est un projet permettant la p\u00e9rennisation de leur ind\u00e9pendance financi\u00e8re Les travailleuses saisonni\u00e8res marocaines b\u00e9n\u00e9ficieront bient\u00f4t d\u2019un programme d\u2019autonomisation socio-\u00e9conomique, un projet d\u2019accompagnement qui leur permettra de cr\u00e9er des structures \u00e9conomiques autonomes (TPE ou des activit\u00e9s g\u00e9n\u00e9ratrices de revenu). C\u2019est ce qu\u2019indique un appel d\u2019offres qui vient d\u2019\u00eatre lanc\u00e9 par l\u2019Organisation internationale pour les migrations [&hellip;]<\/p>\n","protected":false},"author":1759,"featured_media":0,"comment_status":"closed","ping_status":"closed","sticky":false,"template":"","format":"standard","meta":{"fifu_image_url":"https:\/\/aujourdhui.ma\/wp-content\/uploads\/2018\/06\/Travail-des-saisonnieres-Fraise-Espagne-300x153.jpg","fifu_image_alt":"Bient\u00f4t un programme d\u2019autonomisation socio-\u00e9conomique en faveur des saisonni\u00e8res","footnotes":""},"categories":[73,54],"tags":[],"class_list":["post-119481","post","type-post","status-publish","format-standard","hentry","category-actualite","category-maroc"],"_links":{"self":[{"href":"https:\/\/linitiative.ca\/International\/wp-json\/wp\/v2\/posts\/119481","targetHints":{"allow":["GET"]}}],"collection":[{"href":"https:\/\/linitiative.ca\/International\/wp-json\/wp\/v2\/posts"}],"about":[{"href":"https:\/\/linitiative.ca\/International\/wp-json\/wp\/v2\/types\/post"}],"author":[{"embeddable":true,"href":"https:\/\/linitiative.ca\/International\/wp-json\/wp\/v2\/users\/1759"}],"replies":[{"embeddable":true,"href":"https:\/\/linitiative.ca\/International\/wp-json\/wp\/v2\/comments?post=119481"}],"version-history":[{"count":0,"href":"https:\/\/linitiative.ca\/International\/wp-json\/wp\/v2\/posts\/119481\/revisions"}],"wp:attachment":[{"href":"https:\/\/linitiative.ca\/International\/wp-json\/wp\/v2\/media?parent=119481"}],"wp:term":[{"taxonomy":"category","embeddable":true,"href":"https:\/\/linitiative.ca\/International\/wp-json\/wp\/v2\/categories?post=119481"},{"taxonomy":"post_tag","embeddable":true,"href":"https:\/\/linitiative.ca\/International\/wp-json\/wp\/v2\/tags?post=119481"}],"curies":[{"name":"wp","href":"https:\/\/api.w.org\/{rel}","templated":true}]}}