{"id":119483,"date":"2021-06-25T11:31:43","date_gmt":"2021-06-25T15:31:43","guid":{"rendered":"https:\/\/linitiative.ca\/International\/feuille-de-route-pour-la-mobilite-electrique-un-nouveau-cap-a-ete-franchi\/"},"modified":"2021-06-25T11:31:43","modified_gmt":"2021-06-25T15:31:43","slug":"feuille-de-route-pour-la-mobilite-electrique-un-nouveau-cap-a-ete-franchi","status":"publish","type":"post","link":"https:\/\/linitiative.ca\/International\/feuille-de-route-pour-la-mobilite-electrique-un-nouveau-cap-a-ete-franchi\/","title":{"rendered":"Feuille de route pour la mobilit\u00e9 \u00e9lectrique\u00a0: Un nouveau Cap a \u00e9t\u00e9 franchi\u00a0"},"content":{"rendered":"<div>\n<p><img decoding=\"async\" width=\"300\" height=\"153\" src=\"https:\/\/linitiative.ca\/International\/wp-content\/uploads\/sites\/23\/2021\/06\/Feuille-de-route-pour-la-mobilite-electrique-300x153-1.jpg\" class=\"attachment-medium size-medium wp-post-image\" alt=\"\" loading=\"lazy\" srcset=\"\/\/aujourdhui.ma\/wp-content\/uploads\/2021\/06\/Feuille-de-route-pour-la-mobilite-electrique-300x153.jpg 300w, \/\/aujourdhui.ma\/wp-content\/uploads\/2021\/06\/Feuille-de-route-pour-la-mobilite-electrique-274x140.jpg 274w, \/\/aujourdhui.ma\/wp-content\/uploads\/2021\/06\/Feuille-de-route-pour-la-mobilite-electrique.jpg 746w, \/\/aujourdhui.ma\/wp-content\/uploads\/2021\/06\/Feuille-de-route-pour-la-mobilite-electrique-165x84.jpg 165w, \/\/aujourdhui.ma\/wp-content\/uploads\/2021\/06\/Feuille-de-route-pour-la-mobilite-electrique-702x358.jpg 702w\" sizes=\"auto, (max-width: 300px) 100vw, 300px\"><\/p>\n<p><span style=\"color: #800000;\"><strong>Une nouvelle \u00e9tape s\u2019ouvre pour la mobilit\u00e9 \u00e9lectrique\u00a0au Maroc.<\/strong><\/span><span id=\"more-380136\"><\/span><\/p>\n<p>En effet, un M\u00e9morandum d\u2019entente pour la r\u00e9alisation d\u2019une \u00e9tude sur la feuille de route relative la mobilit\u00e9 \u00e9lectrique a \u00e9t\u00e9 sign\u00e9 le jeudi 24 juin \u00e0 Casablanca par Chakib Alj, Pr\u00e9sident de la Conf\u00e9d\u00e9ration G\u00e9n\u00e9rale des Entreprises du Maroc (CGEM), S.E.M Jeroen Roodenburg, Ambassadeur du Royaume des Pays-Bas au Maroc, repr\u00e9sentant l\u2019Agence n\u00e9erlandaise des entreprises (RVO.nl), Badr Ikken, Directeur G\u00e9n\u00e9ral de l\u2019Institut de Recherche en \u00c9nergie Solaire et \u00c9nergies Nouvelles (IRESEN) et Sa\u00efd Mouline, Directeur G\u00e9n\u00e9ral de l\u2019Agence Marocaine pour l\u2019Efficacit\u00e9 \u00c9nerg\u00e9tique (AMEE). Cette \u00e9tude permettra de d\u00e9finir une feuille de route pour la mobilit\u00e9 \u00e9lectrique et durable, de d\u00e9terminer les orientations en la mati\u00e8re et de pr\u00e9parer les entreprises marocaines aux mutations en cours dans ce secteur.<\/p>\n<p><a href=\"https:\/\/linitiative.ca\/International\/wp-content\/uploads\/sites\/23\/2021\/06\/Feuille-de-route-pour-la-mobilite-electrique-2.jpg\"><img decoding=\"async\" loading=\"lazy\" class=\"alignnone size-full wp-image-380138\" src=\"https:\/\/linitiative.ca\/International\/wp-content\/uploads\/sites\/23\/2021\/06\/Feuille-de-route-pour-la-mobilite-electrique-2.jpg\" alt=\"\" width=\"746\" height=\"380\" srcset=\"\/\/aujourdhui.ma\/wp-content\/uploads\/2021\/06\/Feuille-de-route-pour-la-mobilite-electrique-2.jpg 746w, \/\/aujourdhui.ma\/wp-content\/uploads\/2021\/06\/Feuille-de-route-pour-la-mobilite-electrique-2-300x153.jpg 300w, \/\/aujourdhui.ma\/wp-content\/uploads\/2021\/06\/Feuille-de-route-pour-la-mobilite-electrique-2-274x140.jpg 274w, \/\/aujourdhui.ma\/wp-content\/uploads\/2021\/06\/Feuille-de-route-pour-la-mobilite-electrique-2-165x84.jpg 165w, \/\/aujourdhui.ma\/wp-content\/uploads\/2021\/06\/Feuille-de-route-pour-la-mobilite-electrique-2-702x358.jpg 702w\" sizes=\"auto, (max-width: 746px) 100vw, 746px\"><\/a><\/p>\n<p>L\u2019\u00e9tude, qui sera financ\u00e9e par l\u2019Agence n\u00e9erlandaise des entreprises \u00e0 travers The Energy Transition Facility (ETF) et men\u00e9e par EV Consult, se fonde sur sept axes majeurs, \u00e0 savoir la mise en place du cadre r\u00e9glementaire et l\u00e9gislatif, le d\u00e9veloppement de l\u2019\u00e9cosyst\u00e8me national, la planification urbaine,\u00a0la mise en place d\u2019un programme R&amp;D et Innovation adapt\u00e9 au contexte national, l\u2019identification des technologies de mobilit\u00e9 \u00e9lectrique et durable et d\u2019une offre ad\u00e9quate en v\u00e9hicules,\u00a0et enfin la planification des infrastructures de recharge et l\u2019introduction des \u00e9nergies renouvelables en la mati\u00e8re.<\/p>\n<\/div>\n<p>Auteur: ALM<br \/>\n<a href=\"https:\/\/aujourdhui.ma\/actualite\/feuille-de-route-pour-la-mobilite-electrique-un-nouveau-cap-a-ete-franchi\">Cliquez ici pour lire l&rsquo;article depuis sa source.<\/a><\/p>\n","protected":false},"excerpt":{"rendered":"<p>Une nouvelle \u00e9tape s\u2019ouvre pour la mobilit\u00e9 \u00e9lectrique\u00a0au Maroc. En effet, un M\u00e9morandum d\u2019entente pour la r\u00e9alisation d\u2019une \u00e9tude sur la feuille de route relative la mobilit\u00e9 \u00e9lectrique a \u00e9t\u00e9 sign\u00e9 le jeudi 24 juin \u00e0 Casablanca par Chakib Alj, Pr\u00e9sident de la Conf\u00e9d\u00e9ration G\u00e9n\u00e9rale des Entreprises du Maroc (CGEM), S.E.M Jeroen Roodenburg, Ambassadeur du [&hellip;]<\/p>\n","protected":false},"author":1759,"featured_media":0,"comment_status":"closed","ping_status":"closed","sticky":false,"template":"","format":"standard","meta":{"fifu_image_url":"https:\/\/aujourdhui.ma\/wp-content\/uploads\/2021\/06\/Feuille-de-route-pour-la-mobilite-electrique-300x153.jpg","fifu_image_alt":"Feuille de route pour la mobilit\u00e9 \u00e9lectrique\u00a0: Un nouveau Cap a \u00e9t\u00e9 franchi\u00a0","footnotes":""},"categories":[73,54],"tags":[],"class_list":["post-119483","post","type-post","status-publish","format-standard","hentry","category-actualite","category-maroc"],"_links":{"self":[{"href":"https:\/\/linitiative.ca\/International\/wp-json\/wp\/v2\/posts\/119483","targetHints":{"allow":["GET"]}}],"collection":[{"href":"https:\/\/linitiative.ca\/International\/wp-json\/wp\/v2\/posts"}],"about":[{"href":"https:\/\/linitiative.ca\/International\/wp-json\/wp\/v2\/types\/post"}],"author":[{"embeddable":true,"href":"https:\/\/linitiative.ca\/International\/wp-json\/wp\/v2\/users\/1759"}],"replies":[{"embeddable":true,"href":"https:\/\/linitiative.ca\/International\/wp-json\/wp\/v2\/comments?post=119483"}],"version-history":[{"count":0,"href":"https:\/\/linitiative.ca\/International\/wp-json\/wp\/v2\/posts\/119483\/revisions"}],"wp:attachment":[{"href":"https:\/\/linitiative.ca\/International\/wp-json\/wp\/v2\/media?parent=119483"}],"wp:term":[{"taxonomy":"category","embeddable":true,"href":"https:\/\/linitiative.ca\/International\/wp-json\/wp\/v2\/categories?post=119483"},{"taxonomy":"post_tag","embeddable":true,"href":"https:\/\/linitiative.ca\/International\/wp-json\/wp\/v2\/tags?post=119483"}],"curies":[{"name":"wp","href":"https:\/\/api.w.org\/{rel}","templated":true}]}}