{"id":119486,"date":"2021-06-24T14:00:00","date_gmt":"2021-06-24T18:00:00","guid":{"rendered":"https:\/\/linitiative.ca\/International\/necessite-de-promouvoir-une-gouvernance-inclusive-et-multidimensionnelle\/"},"modified":"2021-06-24T14:00:00","modified_gmt":"2021-06-24T18:00:00","slug":"necessite-de-promouvoir-une-gouvernance-inclusive-et-multidimensionnelle","status":"publish","type":"post","link":"https:\/\/linitiative.ca\/International\/necessite-de-promouvoir-une-gouvernance-inclusive-et-multidimensionnelle\/","title":{"rendered":"N\u00e9cessit\u00e9 de promouvoir une gouvernance inclusive et multidimensionnelle"},"content":{"rendered":"<div>\n<p class=\"has-text-align-center has-vivid-cyan-blue-color has-text-color\"><strong>D\u00e9veloppement territorial<\/strong><\/p>\n<p class=\"has-text-align-left has-black-color has-text-color\"><strong>La promotion d\u2019une gouvernance \u00ab\u00a0inclusive\u00a0\u00bb et \u00ab\u00a0multidimensionnelle\u00a0\u00bb orient\u00e9e vers l\u2019objectif de promouvoir durablement l\u2019\u00e9quit\u00e9 spatiale constitue l\u2019un des leviers pour consolider les bases d\u2019un d\u00e9veloppement territorial \u00ab\u00a0\u00e9quilibr\u00e9\u00a0\u00bb et \u00ab\u00a0r\u00e9silient\u00a0\u00bb, selon la Direction des \u00e9tudes et des pr\u00e9visions financi\u00e8res (DEPF) relevant du minist\u00e8re de l\u2019Economie, des finances et de la r\u00e9forme de l\u2019administration. \u00ab\u00a0La coordination entre les niveaux central et local doit \u00eatre renforc\u00e9e et ax\u00e9e sur une solidarit\u00e9 r\u00e9gionale et nationale fond\u00e9e sur la proximit\u00e9, le r\u00e9seautage et la flexibilit\u00e9 au niveau de la prise de d\u00e9cision\u00a0\u00bb, pr\u00e9cise la DEPF dans un r\u00e9cent policy Brief publi\u00e9e sous le titre: \u00ab\u00a0Les territoires face \u00e0 la pand\u00e9mie du Covid-19: Impact sur l\u2019\u00e9conomie des r\u00e9gions\u00a0\u00bb.<\/strong><\/p>\n<p class=\"has-text-align-left has-black-color has-text-color\">Dans ce cadre, poursuit la DEPF, il importe d\u2019\u0153uvrer activement en faveur du renforcement des moyens d\u2019action des acteurs territoriaux et de leur dotation en comp\u00e9tences suffisantes pour accompagner la mise en \u0153uvre des chantiers structurants de d\u00e9veloppement.<\/p>\n<p class=\"has-text-align-left has-black-color has-text-color\">Le rapport met en avant l\u2019imp\u00e9ratif de poursuivre les mesures sociales et de relance \u00e9conomique en faveur des populations en situation pr\u00e9caire, aux entreprises en difficult\u00e9 et aux secteurs les plus fragilis\u00e9s par la pand\u00e9mie, en mettant particuli\u00e8rement l\u2019accent sur la capacitation.<\/p>\n<p class=\"has-text-align-left has-black-color has-text-color\">Dans la m\u00eame veine, le rapport souligne l\u2019importance du d\u00e9veloppement d\u2019un syst\u00e8me de gouvernance dans les secteurs de la sant\u00e9 et de l\u2019\u00e9ducation \u00e0 travers l\u2019\u00e9tablissement de services sanitaires de qualit\u00e9 accessibles \u00e0 tous, l\u2019instauration d\u2019un syst\u00e8me \u00e9ducatif performant et la cr\u00e9ation de postes d\u2019emplois selon le besoin des r\u00e9gions tout en assurant une revalorisation des comp\u00e9tences.<\/p>\n<p class=\"has-text-align-left has-black-color has-text-color\">Il s\u2019agit \u00e9galement de r\u00e9duire les degr\u00e9s de d\u00e9pendance des cha\u00eenes d\u2019approvisionnement \u00e0 travers la diversification du secteur productif, la cr\u00e9ation des industries de substitution et la cr\u00e9ation d\u2019un \u00e9cosyst\u00e8me industriel au niveau local, tenant compte des avantages comparatifs des diff\u00e9rentes r\u00e9gions.<\/p>\n<p class=\"has-text-align-left has-black-color has-text-color\">Selon le rapport, il sera important d\u2019acc\u00e9l\u00e9rer le d\u00e9ploiement sectoriel et territorial de la r\u00e9forme du syst\u00e8me de protection sociale, ce qui devrait constituer un levier important pour att\u00e9nuer le poids du secteur informel, renforcer les filets sociaux et am\u00e9liorer la r\u00e9silience des tissus productifs locaux aux chocs et aux crises exog\u00e8nes.<\/p>\n<p class=\"has-text-align-left has-black-color has-text-color\">Il est \u00e9galement question de renforcer la capacit\u00e9 budg\u00e9taire des collectivit\u00e9s locales, afin de maintenir et de consolider les services publics. \u00ab\u00a0La pand\u00e9mie a g\u00e9n\u00e9r\u00e9 de lourdes cons\u00e9quences budg\u00e9taires sur les finances locales. Celles-ci se sont traduites par une augmentation des d\u00e9penses (plan de sauvetage, fonds de solidarit\u00e9\u2026) et une baisse drastique des recettes (contraction de l\u2019activit\u00e9 \u00e9conomique, confinement, report des imp\u00f4ts\u2026) qu\u2019il convient de surmonter par le soutien des acteurs locaux affaiblis par la crise\u00a0\u00bb, fait savoir la DEPF.<\/p>\n<p class=\"has-text-align-left has-black-color has-text-color\">La rapport encourage, en outre, l\u2019instauration d\u2019une intelligence collective bas\u00e9e sur la num\u00e9risation des territoires \u00e0 travers, notamment, la simplification des proc\u00e9dures, l\u2019investissement dans le domaine du num\u00e9rique, comme levier de renforcement de la connectivit\u00e9 des territoires et d\u2019impulsion de leur contribution au d\u00e9veloppement de l\u2019\u00e9conomie nationale et sa diversification.<\/p>\n<p class=\"has-text-align-left has-black-color has-text-color\">Par ailleurs, une attention particuli\u00e8re devra \u00eatre accord\u00e9e au fondement d\u2019une culture durable fond\u00e9e sur la promotion des activit\u00e9s vertes g\u00e9n\u00e9ratrices d\u2019emplois d\u00e9cents et de revenus durables. Dans cette perspective, souligne le rapport, des leviers peuvent \u00eatre actionn\u00e9s, notamment l\u2019encouragement et le soutien des investissements dans le domaine des \u00e9nergies renouvelables, l\u2019accompagnement et le parrainage des entreprises porteuses de projets verts et l\u2019incitation des activit\u00e9s \u00e9conomiques bas carbone.<\/p>\n<p class=\"has-text-align-left has-black-color has-text-color\">Ce rapport, \u00e9labor\u00e9 en partenariat avec la Banque Mondiale m\u00e8ne une analyse approfondie de l\u2019impact de la crise du nouveau coronavirus (Covid-19) au niveau territorial, en mettant l\u2019accent sur le march\u00e9 du travail et sur la structure sectorielle et le poids de l\u2019informel dans les 12 r\u00e9gions du Royaume, en vue d\u2019approfondir la r\u00e9flexion sur les nouveaux choix strat\u00e9giques pr\u00f4n\u00e9s par le nouveau mod\u00e8le de d\u00e9veloppement en rapport avec l\u2019ambition de consacrer les territoires comme lieux d\u2019ancrage du d\u00e9veloppement.<\/p>\n<p>L\u2019article <a rel=\"nofollow\" href=\"http:\/\/albayane.press.ma\/necessite-de-promouvoir-une-gouvernance-inclusive-et-multidimensionnelle.html\">N\u00e9cessit\u00e9 de promouvoir une gouvernance inclusive et multidimensionnelle<\/a> est apparu en premier sur <a rel=\"nofollow\" href=\"http:\/\/albayane.press.ma\/\">ALBAYANE<\/a>.<\/p>\n<\/div>\n<p>Auteur: M&rsquo;hammed rahal<br \/>\n<a href=\"http:\/\/albayane.press.ma\/necessite-de-promouvoir-une-gouvernance-inclusive-et-multidimensionnelle.html\">Cliquez ici pour lire l&rsquo;article depuis sa source.<\/a><\/p>\n","protected":false},"excerpt":{"rendered":"<p>D\u00e9veloppement territorial La promotion d\u2019une gouvernance \u00ab\u00a0inclusive\u00a0\u00bb et \u00ab\u00a0multidimensionnelle\u00a0\u00bb orient\u00e9e vers l\u2019objectif de promouvoir durablement l\u2019\u00e9quit\u00e9 spatiale constitue l\u2019un des leviers pour consolider les bases d\u2019un d\u00e9veloppement territorial \u00ab\u00a0\u00e9quilibr\u00e9\u00a0\u00bb et \u00ab\u00a0r\u00e9silient\u00a0\u00bb, selon la Direction des \u00e9tudes et des pr\u00e9visions financi\u00e8res (DEPF) relevant du minist\u00e8re de l\u2019Economie, des finances et de la r\u00e9forme de l\u2019administration. \u00ab\u00a0La [&hellip;]<\/p>\n","protected":false},"author":1760,"featured_media":0,"comment_status":"closed","ping_status":"closed","sticky":false,"template":"","format":"standard","meta":{"fifu_image_url":"","fifu_image_alt":"","footnotes":""},"categories":[73,54],"tags":[],"class_list":["post-119486","post","type-post","status-publish","format-standard","hentry","category-actualite","category-maroc"],"_links":{"self":[{"href":"https:\/\/linitiative.ca\/International\/wp-json\/wp\/v2\/posts\/119486","targetHints":{"allow":["GET"]}}],"collection":[{"href":"https:\/\/linitiative.ca\/International\/wp-json\/wp\/v2\/posts"}],"about":[{"href":"https:\/\/linitiative.ca\/International\/wp-json\/wp\/v2\/types\/post"}],"author":[{"embeddable":true,"href":"https:\/\/linitiative.ca\/International\/wp-json\/wp\/v2\/users\/1760"}],"replies":[{"embeddable":true,"href":"https:\/\/linitiative.ca\/International\/wp-json\/wp\/v2\/comments?post=119486"}],"version-history":[{"count":0,"href":"https:\/\/linitiative.ca\/International\/wp-json\/wp\/v2\/posts\/119486\/revisions"}],"wp:attachment":[{"href":"https:\/\/linitiative.ca\/International\/wp-json\/wp\/v2\/media?parent=119486"}],"wp:term":[{"taxonomy":"category","embeddable":true,"href":"https:\/\/linitiative.ca\/International\/wp-json\/wp\/v2\/categories?post=119486"},{"taxonomy":"post_tag","embeddable":true,"href":"https:\/\/linitiative.ca\/International\/wp-json\/wp\/v2\/tags?post=119486"}],"curies":[{"name":"wp","href":"https:\/\/api.w.org\/{rel}","templated":true}]}}