{"id":119487,"date":"2021-06-24T14:00:00","date_gmt":"2021-06-24T18:00:00","guid":{"rendered":"https:\/\/linitiative.ca\/International\/lamdv-rencontre-des-membres-du-corps-diplomatique-accredite-dans-le-royaume\/"},"modified":"2021-06-24T14:00:00","modified_gmt":"2021-06-24T18:00:00","slug":"lamdv-rencontre-des-membres-du-corps-diplomatique-accredite-dans-le-royaume","status":"publish","type":"post","link":"https:\/\/linitiative.ca\/International\/lamdv-rencontre-des-membres-du-corps-diplomatique-accredite-dans-le-royaume\/","title":{"rendered":"L\u2019AMDV rencontre des membres du corps diplomatique accr\u00e9dit\u00e9 dans le Royaume"},"content":{"rendered":"<div>\n<p class=\"has-text-align-center has-vivid-cyan-blue-color has-text-color\"><strong>A l\u2019initiative de la Fondation diplomatique \u00e0 Rabat<\/strong><\/p>\n<p class=\"has-black-color has-text-color\"><strong>L\u2019Association marocaine des droits des victimes (AMDV) a rencontr\u00e9, mercredi \u00e0 Rabat, des membres du corps diplomatique accr\u00e9dit\u00e9 dans le Royaume.<\/strong><\/p>\n<p class=\"has-black-color has-text-color\">Cette rencontre a \u00e9t\u00e9 l\u2019occasion pour les diplomates de s\u2019informer sur l\u2019action men\u00e9e par l\u2019Association en mati\u00e8re de d\u00e9fense des victimes des agressions sexuelles, en leur fournissant l\u2019accompagnement judiciaire et le soutien psychologique et moral.<\/p>\n<p class=\"has-black-color has-text-color\">Lors de cette rencontre, organis\u00e9e par la Fondation diplomatique \u00e0 Rabat, l\u2019Association, la premi\u00e8re du genre au Maroc, a donn\u00e9 un aper\u00e7u sur les motifs derri\u00e8re sa cr\u00e9ation, ainsi que sur les actions men\u00e9es par ses membres pour d\u00e9fendre les victimes d\u2019agressions sexuelles des deux sexes et de diff\u00e9rentes tranches d\u2019\u00e2ge.<\/p>\n<p class=\"has-black-color has-text-color\">Les membres du corps diplomatique ont \u00e9galement pris connaissance de l\u2019action de l\u2019Association visant \u00e0 permettre aux victimes de d\u00e9poser leurs plaintes et d\u2019entamer la proc\u00e9dure judiciaire, ainsi qu\u2019\u00e0 d\u00e9fendre l\u2019ind\u00e9pendance de la justice en luttant contre l\u2019impunit\u00e9 et toutes les formes de politisation des affaires de droit commun.<\/p>\n<p class=\"has-black-color has-text-color\">A cette occasion, la pr\u00e9sidente de l\u2019Association, Aicha Kela\u00e2, a fait savoir que cette structure a \u00e9t\u00e9 cr\u00e9\u00e9e \u00e0 la suite d\u2019un d\u00e9bat qui a dur\u00e9 plus de deux ans entre des militants des droits de l\u2019Homme et des acteurs de la soci\u00e9t\u00e9 civile sur le manque enregistr\u00e9 sur les plans juridique et social en termes de protection des victimes des violences sexuelles. L\u2019association vise \u00e0 lutter contre les violations des droits des victimes, outre leur accompagnement sur le plan judiciaire, en leur offrant le soutien psychologique et moral et en luttant contre tout ce qui peut porter atteinte \u00e0 leur dignit\u00e9, a-t-elle pr\u00e9cis\u00e9.<\/p>\n<p class=\"has-black-color has-text-color\">Selon Mme Kela\u00e2, avocate au barreau de Casablanca, l\u2019AMDV vise \u00e0 combler le vide juridique et \u00e0 plaider devant les pouvoirs publics pour l\u2019actualisation du syst\u00e8me juridique et son adaptation aux conventions internationales y aff\u00e9rentes. Elle oeuvre aussi \u00e0 mettre en place des centres d\u2019\u00e9coute des victimes pour briser les tabous au sujet de ce genre de crimes, a-t-elle dit.<\/p>\n<p class=\"has-black-color has-text-color\">Mme Kela\u00e2 a \u00e9galement indiqu\u00e9 que l\u2019association agit avec force devant toutes les formes de politisation des dossiers judiciaires et toutes les tentatives visant \u00e0 porter atteinte \u00e0 l\u2019ind\u00e9pendance et \u00e0 l\u2019int\u00e9grit\u00e9 du syst\u00e8me judiciaire.<\/p>\n<p class=\"has-black-color has-text-color\">Elle a abord\u00e9 \u00e0 ce sujet les dossiers de Taoufik Bouachrine, Omar Radi et Souleimane Raissouni poursuivis dans des affaires de droit commun dont le viol, l\u2019attentat \u00e0 la pudeur et la traite d\u2019\u00eatres humains, alors que leurs d\u00e9fenses tentent de politiser ces affaires purement juridiques pour encourager l\u2019impunit\u00e9 et porter atteinte \u00e0 la notori\u00e9t\u00e9 de l\u2019Etat marocain et aux acquis r\u00e9alis\u00e9s en mati\u00e8re des droits de l\u2019Homme.<\/p>\n<p class=\"has-black-color has-text-color\">Il s\u2019agit aussi de la manipulation de certaines parties \u00e9trang\u00e8res, dans une tentative de faire pression sur la justice et de porter atteinte \u00e0 l\u2019Etat de droit et des institutions, a-t-elle poursuivi.<\/p>\n<p class=\"has-black-color has-text-color\">A cet \u00e9gard, le secr\u00e9taire g\u00e9n\u00e9ral de l\u2019Association, Mohamed El Haini, a mis l\u2019accent sur l\u2019ind\u00e9pendance de la justice marocaine, faisant observer que la Constitution de 2011 a consacr\u00e9 l\u2019ind\u00e9pendance des institutions judiciaires.<\/p>\n<p class=\"has-black-color has-text-color\">M. El Haini, avocat au barreau de T\u00e9touan, a relev\u00e9 que certains journalistes poursuivis dans des affaires de droit commun, consid\u00e8rent que leur qualit\u00e9 professionnelle leur accorde une certaine immunit\u00e9 judiciaire, notant que les citoyens marocains sont \u00e9gaux devant la justice.<\/p>\n<p class=\"has-black-color has-text-color\">Il a, en outre, relev\u00e9 que les victimes de Bouachrine, Radi et Raissouni font l\u2019objet d\u2019une attaque acharn\u00e9e men\u00e9e par certaines parties, en tentant de porter atteinte \u00e0 leur dignit\u00e9.<\/p>\n<p class=\"has-black-color has-text-color\">De son c\u00f4t\u00e9, Mme Meryem Jamal Idrissi, charg\u00e9e des affaires judiciaires au sein de l\u2019Association, a affirm\u00e9 que l\u2019ind\u00e9pendance du pouvoir judiciaire et sa collaboration avec les autres pouvoirs est un projet moderniste et progressiste qui concerne la soci\u00e9t\u00e9 marocaine dans son ensemble, notant que l\u2019association fait face \u00e0 tout ce qui peut entraver la justice.<\/p>\n<p class=\"has-black-color has-text-color\">Mme Jamal Idrissi, avocate au barreau de Casablanca, a aussi indiqu\u00e9 que la victime d\u2019agressions sexuelles n\u2019est g\u00e9n\u00e9ralement pas soutenue par son entourage, de m\u00eame qu\u2019elle souffre du regard de la soci\u00e9t\u00e9, appelant \u00e0 garantir un proc\u00e8s \u00e9quitable aux victimes de ce genre de crimes, notamment lorsque l\u2019accus\u00e9 est une personne connue ou un agent d\u2019autorit\u00e9.<\/p>\n<p class=\"has-black-color has-text-color\">Cette rencontre, \u00e0 laquelle ont pris part 23 ambassadeurs et charg\u00e9s d\u2019affaires, a \u00e9t\u00e9 marqu\u00e9e par un t\u00e9moignage \u00e9mouvant de Sara El Mars, victime dans l\u2019affaire du journaliste Taoufik Bouachrine, qui a \u00e9voqu\u00e9 ses souffrances mat\u00e9rielles, psychologiques et sociales suite \u00e0 son agression sexuelle.<\/p>\n<p class=\"has-black-color has-text-color\">Elle a exprim\u00e9 sa satisfaction quant \u00e0 la cr\u00e9ation de cette association en vue d\u2019apporter le soutien moral n\u00e9cessaire aux victimes de ce genre d\u2019agressions.<\/p>\n<p class=\"has-black-color has-text-color\">L\u2019Association marocaine des droits des victimes (AMDV) a tenu, en avril dernier \u00e0 Rabat, son assembl\u00e9e g\u00e9n\u00e9rale constitutive sous le th\u00e8me \u201cPour une protection juridique et sociale des victimes\u201d.<\/p>\n<p class=\"has-black-color has-text-color\">L\u2019association vise, selon ses statuts, \u201c\u00e0 soutenir les droits des victimes de crimes, conform\u00e9ment aux conventions internationales pertinentes et aux bases constitutionnelles et nationales, et \u00e0 d\u00e9fendre les droits des enfants, des femmes et de toutes les cat\u00e9gories vuln\u00e9rables\u201d, tout en \u0153uvrant \u00e0 faire entendre la voix des victimes et \u00e0 leur procurer le soutien juridique, psychologique, sanitaire et social, et \u00e0 lutter contre l\u2019impunit\u00e9, qui s\u2019apparente \u00e0 une atteinte aux droits des victimes et bafoue le principe de l\u2019\u00e9galit\u00e9 des citoyens devant la loi.<\/p>\n<p>L\u2019article <a rel=\"nofollow\" href=\"http:\/\/albayane.press.ma\/lamdv-rencontre-des-membres-du-corps-diplomatique-accredite-dans-le-royaume.html\">L\u2019AMDV rencontre des membres du corps diplomatique accr\u00e9dit\u00e9 dans le Royaume<\/a> est apparu en premier sur <a rel=\"nofollow\" href=\"http:\/\/albayane.press.ma\/\">ALBAYANE<\/a>.<\/p>\n<\/div>\n<p>Auteur: M&rsquo;hammed rahal<br \/>\n<a href=\"http:\/\/albayane.press.ma\/lamdv-rencontre-des-membres-du-corps-diplomatique-accredite-dans-le-royaume.html\">Cliquez ici pour lire l&rsquo;article depuis sa source.<\/a><\/p>\n","protected":false},"excerpt":{"rendered":"<p>A l\u2019initiative de la Fondation diplomatique \u00e0 Rabat L\u2019Association marocaine des droits des victimes (AMDV) a rencontr\u00e9, mercredi \u00e0 Rabat, des membres du corps diplomatique accr\u00e9dit\u00e9 dans le Royaume. Cette rencontre a \u00e9t\u00e9 l\u2019occasion pour les diplomates de s\u2019informer sur l\u2019action men\u00e9e par l\u2019Association en mati\u00e8re de d\u00e9fense des victimes des agressions sexuelles, en leur [&hellip;]<\/p>\n","protected":false},"author":1760,"featured_media":0,"comment_status":"closed","ping_status":"closed","sticky":false,"template":"","format":"standard","meta":{"fifu_image_url":"","fifu_image_alt":"","footnotes":""},"categories":[73,54],"tags":[],"class_list":["post-119487","post","type-post","status-publish","format-standard","hentry","category-actualite","category-maroc"],"_links":{"self":[{"href":"https:\/\/linitiative.ca\/International\/wp-json\/wp\/v2\/posts\/119487","targetHints":{"allow":["GET"]}}],"collection":[{"href":"https:\/\/linitiative.ca\/International\/wp-json\/wp\/v2\/posts"}],"about":[{"href":"https:\/\/linitiative.ca\/International\/wp-json\/wp\/v2\/types\/post"}],"author":[{"embeddable":true,"href":"https:\/\/linitiative.ca\/International\/wp-json\/wp\/v2\/users\/1760"}],"replies":[{"embeddable":true,"href":"https:\/\/linitiative.ca\/International\/wp-json\/wp\/v2\/comments?post=119487"}],"version-history":[{"count":0,"href":"https:\/\/linitiative.ca\/International\/wp-json\/wp\/v2\/posts\/119487\/revisions"}],"wp:attachment":[{"href":"https:\/\/linitiative.ca\/International\/wp-json\/wp\/v2\/media?parent=119487"}],"wp:term":[{"taxonomy":"category","embeddable":true,"href":"https:\/\/linitiative.ca\/International\/wp-json\/wp\/v2\/categories?post=119487"},{"taxonomy":"post_tag","embeddable":true,"href":"https:\/\/linitiative.ca\/International\/wp-json\/wp\/v2\/tags?post=119487"}],"curies":[{"name":"wp","href":"https:\/\/api.w.org\/{rel}","templated":true}]}}