{"id":119489,"date":"2021-06-24T14:00:00","date_gmt":"2021-06-24T18:00:00","guid":{"rendered":"https:\/\/linitiative.ca\/International\/la-lumiere-au-bout-du-tunnel\/"},"modified":"2021-06-24T14:00:00","modified_gmt":"2021-06-24T18:00:00","slug":"la-lumiere-au-bout-du-tunnel","status":"publish","type":"post","link":"https:\/\/linitiative.ca\/International\/la-lumiere-au-bout-du-tunnel\/","title":{"rendered":"La lumi\u00e8re au bout du tunnel"},"content":{"rendered":"<div>\n<p class=\"has-text-align-center has-vivid-cyan-blue-color has-text-color\"><strong>R\u00e9ouverture des lieux culturels\u2026<\/strong><\/p>\n<p class=\"has-black-color has-text-color\"><strong>La r\u00e9ouverture des espaces et des centres culturels apr\u00e8s une longue travers\u00e9e du d\u00e9sert, cons\u00e9cutive \u00e0 la pand\u00e9mie de Covid19, a ressuscit\u00e9 les espoirs enfouis des professionnels et intellectuels, qui s\u2019attendent \u00e0 de jours meilleurs.<\/strong><\/p>\n<p class=\"has-black-color has-text-color\">Suite \u00e0 l\u2019annonce de la d\u00e9cision de la reprise des activit\u00e9s culturelles et artistiques en pr\u00e9sentiel, les professionnels esp\u00e8rent un retour rapide \u00e0 la vie normale, \u00e0 travers une nouvelle programmation et des cr\u00e9ations, leur permettant de renouer avec leur public.<\/p>\n<p class=\"has-black-color has-text-color\">\u00ab\u00a0Apr\u00e8s l\u2019assouplissement des mesures pr\u00e9ventives et la r\u00e9ouverture des th\u00e9\u00e2tres et des centres culturels, il est temps pour les responsables, les acteurs culturels et les artistes d\u2019\u0153uvrer pour contribuer ensemble \u00e0 la redynamisation de la vie culturelle et artistique au niveau de F\u00e8s en tirant les le\u00e7ons de la p\u00e9riode de confinement\u00a0\u00bb, a d\u00e9clar\u00e9 \u00e0 la MAP la pr\u00e9sidente du r\u00e9seau national de la lecture et la culture, Fatiha Abdellah.<\/p>\n<p class=\"has-black-color has-text-color\">Selon la pr\u00e9sidente du r\u00e9seau, le processus de fermeture pendant pr\u00e8s d\u2019un an et demi a provoqu\u00e9 une quasi-paralysie des activit\u00e9s culturelles et le report de la plupart des grandes manifestations, affectant ainsi la sc\u00e8ne culturelle \u00e0 tous les niveaux.<\/p>\n<p class=\"has-black-color has-text-color\">Elle a plaid\u00e9 pour le renforcement de la solidarit\u00e9 et l\u2019entraide entre les intellectuels et le public, dans le but de redonner vie aux galeries, cin\u00e9mas, biblioth\u00e8ques, mus\u00e9es et centres culturels et de la jeunesse, soulignant l\u2019importance de la rencontre directe avec le public, en ce sens qu\u2019elle garantit l\u2019interaction humaine entre l\u2019artiste et le spectateur.<\/p>\n<p class=\"has-black-color has-text-color\">L\u2019artiste plasticien Hicham Maidi a indiqu\u00e9, de son c\u00f4t\u00e9, que la fermeture a affect\u00e9 n\u00e9gativement l\u2019ensemble des secteurs culturels et artistiques, ce qui s\u2019est r\u00e9percut\u00e9 sur les professionnels sur les plans moral et financier, esp\u00e9rant que la reprise des activit\u00e9s puisse rem\u00e9dier \u00e0 cette situation.<\/p>\n<p class=\"has-black-color has-text-color\">A l\u2019exception de certaines initiatives limit\u00e9es et espac\u00e9es, fruit de la cr\u00e9ativit\u00e9 de certains acteurs, la pand\u00e9mie a provoqu\u00e9 une suspension totale des activit\u00e9s culturelles, a-t-il dit, ajoutant que les artistes devraient toujours rester une source d\u2019\u00e9nergie et de vitalit\u00e9 en temps de crise.<\/p>\n<p class=\"has-black-color has-text-color\">M\u00eame son de cloche chez le dramaturge Khammar Mrini, qui a indiqu\u00e9 que la p\u00e9riode de fermeture des th\u00e9\u00e2tres a constitu\u00e9 un v\u00e9ritable obstacle et une source de d\u00e9ception pour les artistes d\u2019autant plus que les acteurs n\u2019avaient plus d\u2019espace pour cr\u00e9er et s\u2019\u00e9panouir.<\/p>\n<p class=\"has-black-color has-text-color\">Selon lui, l\u2019initiative de rouvrir les espaces culturels cr\u00e9era sans aucun doute un bon effet sur le moral des artistes, qui attendaient ce moment avec impatience.<\/p>\n<p class=\"has-black-color has-text-color\">Il a soulign\u00e9 la n\u00e9cessit\u00e9 de faire preuve de cr\u00e9ativit\u00e9 pour donner une nouvelle vie \u00e0 la sc\u00e8ne culturelle et artistique en g\u00e9n\u00e9ral et cr\u00e9er de r\u00e9elles opportunit\u00e9s d\u2019emploi pour les professionnels, \u00e0 travers des productions t\u00e9l\u00e9visuelles et cin\u00e9matographiques et l\u2019appui aux troupes th\u00e9\u00e2trales aux niveaux local et r\u00e9gional.<\/p>\n<p class=\"has-black-color has-text-color\">Pour l\u2019artiste Rachid Hayani, les artistes doivent s\u2019unir et travailler dur pour r\u00e9cup\u00e9rer le temps perdu, d\u2019autant plus que le public est impatient de renouer avec les th\u00e9\u00e2tres et les spectacles.<\/p>\n<p class=\"has-black-color has-text-color\">Pour un retour \u00e0 la normale, ces professionnels ont recommand\u00e9 l\u2019\u00e9laboration d\u2019une programmation riche et utile pour le public, le renforcement du volet de la communication et la commercialisation, la diversification des activit\u00e9s culturelles et la conjugaison des efforts de l\u2019ensemble des acteurs et la promotion du tourisme culturel \u00e0 l\u2019occasion de la p\u00e9riode estivale.<\/p>\n<p>L\u2019article <a rel=\"nofollow\" href=\"http:\/\/albayane.press.ma\/la-lumiere-au-bout-du-tunnel-2.html\">La lumi\u00e8re au bout du tunnel<\/a> est apparu en premier sur <a rel=\"nofollow\" href=\"http:\/\/albayane.press.ma\/\">ALBAYANE<\/a>.<\/p>\n<\/div>\n<p>Auteur: M&rsquo;hammed rahal<br \/>\n<a href=\"http:\/\/albayane.press.ma\/la-lumiere-au-bout-du-tunnel-2.html\">Cliquez ici pour lire l&rsquo;article depuis sa source.<\/a><\/p>\n","protected":false},"excerpt":{"rendered":"<p>R\u00e9ouverture des lieux culturels\u2026 La r\u00e9ouverture des espaces et des centres culturels apr\u00e8s une longue travers\u00e9e du d\u00e9sert, cons\u00e9cutive \u00e0 la pand\u00e9mie de Covid19, a ressuscit\u00e9 les espoirs enfouis des professionnels et intellectuels, qui s\u2019attendent \u00e0 de jours meilleurs. Suite \u00e0 l\u2019annonce de la d\u00e9cision de la reprise des activit\u00e9s culturelles et artistiques en pr\u00e9sentiel, [&hellip;]<\/p>\n","protected":false},"author":1760,"featured_media":0,"comment_status":"closed","ping_status":"closed","sticky":false,"template":"","format":"standard","meta":{"fifu_image_url":"","fifu_image_alt":"","footnotes":""},"categories":[73,54],"tags":[],"class_list":["post-119489","post","type-post","status-publish","format-standard","hentry","category-actualite","category-maroc"],"_links":{"self":[{"href":"https:\/\/linitiative.ca\/International\/wp-json\/wp\/v2\/posts\/119489","targetHints":{"allow":["GET"]}}],"collection":[{"href":"https:\/\/linitiative.ca\/International\/wp-json\/wp\/v2\/posts"}],"about":[{"href":"https:\/\/linitiative.ca\/International\/wp-json\/wp\/v2\/types\/post"}],"author":[{"embeddable":true,"href":"https:\/\/linitiative.ca\/International\/wp-json\/wp\/v2\/users\/1760"}],"replies":[{"embeddable":true,"href":"https:\/\/linitiative.ca\/International\/wp-json\/wp\/v2\/comments?post=119489"}],"version-history":[{"count":0,"href":"https:\/\/linitiative.ca\/International\/wp-json\/wp\/v2\/posts\/119489\/revisions"}],"wp:attachment":[{"href":"https:\/\/linitiative.ca\/International\/wp-json\/wp\/v2\/media?parent=119489"}],"wp:term":[{"taxonomy":"category","embeddable":true,"href":"https:\/\/linitiative.ca\/International\/wp-json\/wp\/v2\/categories?post=119489"},{"taxonomy":"post_tag","embeddable":true,"href":"https:\/\/linitiative.ca\/International\/wp-json\/wp\/v2\/tags?post=119489"}],"curies":[{"name":"wp","href":"https:\/\/api.w.org\/{rel}","templated":true}]}}