{"id":119490,"date":"2021-06-24T14:00:00","date_gmt":"2021-06-24T18:00:00","guid":{"rendered":"https:\/\/linitiative.ca\/International\/vivre-malgre-tout\/"},"modified":"2021-06-24T14:00:00","modified_gmt":"2021-06-24T18:00:00","slug":"vivre-malgre-tout","status":"publish","type":"post","link":"https:\/\/linitiative.ca\/International\/vivre-malgre-tout\/","title":{"rendered":"\u00ab Vivre malgr\u00e9 tout \u00bb"},"content":{"rendered":"<div>\n<p class=\"has-text-align-center has-vivid-red-color has-text-color\"><strong>Remise des prix aux laur\u00e9ats du concours photo amateur<\/strong><\/p>\n<p class=\"has-black-color has-text-color\"><strong>Les laur\u00e9ats du concours photo amateur \u00ab\u00a0Vivre malgr\u00e9 tout\u00a0\u00bb, en lien avec l\u2019exposition \u00ab\u00a0A bonne distance(s)\u00a0\u00bb, ont \u00e9t\u00e9 prim\u00e9s lors d\u2019une c\u00e9r\u00e9monie organis\u00e9e, mercredi \u00e0 Rabat, par l\u2019Institut fran\u00e7ais du Maroc, en partenariat avec la Fondation nationale des mus\u00e9es (FNM), l\u2019agence France-Presse (AFP) et l\u2019agence universitaire de la francophonie (AUF).<\/strong><\/p>\n<p class=\"has-black-color has-text-color\">Les trois premiers prix ont \u00e9t\u00e9 rafl\u00e9s par Redouane Breezy, Mohamed Boublouh et Nabil Safir. Les photos prim\u00e9es seront projet\u00e9es, avec 11 autres photos, au Mus\u00e9e national de la photographie. A cette occasion, la directrice du Bureau de l\u2019AFP au Maroc, Sophie Pons, a relev\u00e9 que le concours Photo amateur \u00ab\u00a0Vivre malgr\u00e9 tout\u00a0\u00bb a connu un grand succ\u00e8s avec pr\u00e8s d\u2019une soixantaine de candidatures re\u00e7ues, \u00e9manant de jeunes photographes amateurs \u00e2g\u00e9s de 18 \u00e0 30 ans et r\u00e9sidant au Maroc. Ce concours de photographie a associ\u00e9 des jeunes amateurs \u00e0 l\u2019exposition \u00ab\u00a0A bonne distance(s)\u00a0\u00bb pour franchir le pas du spectateur vers celui d\u2019acteur, a expliqu\u00e9 Mme Pons dans une d\u00e9claration \u00e0 la MAP, notant que le concours invitait les participants \u00e0 s\u2019approprier le th\u00e8me de l\u2019exposition, en cr\u00e9ant depuis leur propre environnement, en forme de mini-reportage avec trois images, la vision d\u2019une vie quotidienne boulevers\u00e9e par la pand\u00e9mie.<\/p>\n<p class=\"has-black-color has-text-color\">De con c\u00f4t\u00e9, la directrice r\u00e9gionale de l\u2019AUF au Maghreb, Danielle Pailler, a indiqu\u00e9 que ce concours est \u00ab\u00a0un bain de jouvence et d\u2019\u00e9clairage sur le monde vu \u00e0 travers la cam\u00e9ra des jeunes candidats avec une intensit\u00e9 et un langage photographique, dont le d\u00e9partage a \u00e9t\u00e9 difficile\u00a0\u00bb. \u00ab\u00a0C\u2019\u00e9tait un vrai bonheur de plonger dans la vision de ces jeunes sur le monde, d\u2019observer leur capacit\u00e9 \u00e0 regarder le beau et de g\u00e9n\u00e9rer de l\u2019esp\u00e9rance\u00a0\u00bb, a-t-elle dit. Pour sa part, la directrice g\u00e9n\u00e9rale de l\u2019Institut fran\u00e7ais au Maroc, Cl\u00e9lia Chevrier Kolacko, s\u2019est f\u00e9licit\u00e9e de la qualit\u00e9 des candidatures re\u00e7ues, pr\u00e9cisant que ce concours a pour vocation de \u00ab\u00a0refl\u00e9ter le regard des concourants\u00a0\u00bb sur cette crise sanitaire.<br \/>Le concours photo amateur \u00ab\u00a0Vivre malgr\u00e9 tout\u00a0\u00bb a \u00e9t\u00e9 organis\u00e9 dans le cadre de la grande exposition \u00ab\u00a0A bonne distance(s)\u00a0\u00bb, pr\u00e9sent\u00e9e jusqu\u2019au 30 juin \u00e0 Rabat.<\/p>\n<p>L\u2019article <a rel=\"nofollow\" href=\"http:\/\/albayane.press.ma\/vivre-malgre-tout.html\">\u00ab Vivre malgr\u00e9 tout \u00bb<\/a> est apparu en premier sur <a rel=\"nofollow\" href=\"http:\/\/albayane.press.ma\/\">ALBAYANE<\/a>.<\/p>\n<\/div>\n<p>Auteur: M&rsquo;hammed rahal<br \/>\n<a href=\"http:\/\/albayane.press.ma\/vivre-malgre-tout.html\">Cliquez ici pour lire l&rsquo;article depuis sa source.<\/a><\/p>\n","protected":false},"excerpt":{"rendered":"<p>Remise des prix aux laur\u00e9ats du concours photo amateur Les laur\u00e9ats du concours photo amateur \u00ab\u00a0Vivre malgr\u00e9 tout\u00a0\u00bb, en lien avec l\u2019exposition \u00ab\u00a0A bonne distance(s)\u00a0\u00bb, ont \u00e9t\u00e9 prim\u00e9s lors d\u2019une c\u00e9r\u00e9monie organis\u00e9e, mercredi \u00e0 Rabat, par l\u2019Institut fran\u00e7ais du Maroc, en partenariat avec la Fondation nationale des mus\u00e9es (FNM), l\u2019agence France-Presse (AFP) et l\u2019agence universitaire [&hellip;]<\/p>\n","protected":false},"author":1760,"featured_media":0,"comment_status":"closed","ping_status":"closed","sticky":false,"template":"","format":"standard","meta":{"fifu_image_url":"","fifu_image_alt":"","footnotes":""},"categories":[73,54],"tags":[],"class_list":["post-119490","post","type-post","status-publish","format-standard","hentry","category-actualite","category-maroc"],"_links":{"self":[{"href":"https:\/\/linitiative.ca\/International\/wp-json\/wp\/v2\/posts\/119490","targetHints":{"allow":["GET"]}}],"collection":[{"href":"https:\/\/linitiative.ca\/International\/wp-json\/wp\/v2\/posts"}],"about":[{"href":"https:\/\/linitiative.ca\/International\/wp-json\/wp\/v2\/types\/post"}],"author":[{"embeddable":true,"href":"https:\/\/linitiative.ca\/International\/wp-json\/wp\/v2\/users\/1760"}],"replies":[{"embeddable":true,"href":"https:\/\/linitiative.ca\/International\/wp-json\/wp\/v2\/comments?post=119490"}],"version-history":[{"count":0,"href":"https:\/\/linitiative.ca\/International\/wp-json\/wp\/v2\/posts\/119490\/revisions"}],"wp:attachment":[{"href":"https:\/\/linitiative.ca\/International\/wp-json\/wp\/v2\/media?parent=119490"}],"wp:term":[{"taxonomy":"category","embeddable":true,"href":"https:\/\/linitiative.ca\/International\/wp-json\/wp\/v2\/categories?post=119490"},{"taxonomy":"post_tag","embeddable":true,"href":"https:\/\/linitiative.ca\/International\/wp-json\/wp\/v2\/tags?post=119490"}],"curies":[{"name":"wp","href":"https:\/\/api.w.org\/{rel}","templated":true}]}}