{"id":119492,"date":"2021-06-25T08:17:25","date_gmt":"2021-06-25T12:17:25","guid":{"rendered":"https:\/\/linitiative.ca\/International\/larmee-tunisienne-de-ben-ali-a-ben-ali\/"},"modified":"2021-06-25T08:17:25","modified_gmt":"2021-06-25T12:17:25","slug":"larmee-tunisienne-de-ben-ali-a-ben-ali","status":"publish","type":"post","link":"https:\/\/linitiative.ca\/International\/larmee-tunisienne-de-ben-ali-a-ben-ali\/","title":{"rendered":"L\u2019Arm\u00e9e Tunisienne, de Ben Ali \u00e0 Ben Ali !"},"content":{"rendered":"<div>\n<p class=\"rtejustify\">En ce moment, on c\u00e9l\u00e8bre, tambour battant, le 65\u00e8me anniversaire de la cr\u00e9ation de l\u2019arm\u00e9e tunisienne. Officiellement, cette arm\u00e9e fut cr\u00e9\u00e9e en Juillet 1956, ce qui suppose qu\u2019il n\u2019y en avait pas avant!<\/p>\n<p class=\"rtejustify\">A la date de sa cr\u00e9ation, le Souverain Lamine Pacha Bey \u00e9tait encore chef de l\u2019\u00c9tat. D\u2019ailleurs c\u2019est \u00e0 son \u00e9poque que f\u00fbt promulgu\u00e9 le code du statut personnel qui \u00ab\u00a0consiste en une s\u00e9rie de lois progressistes tunisiennes, promulgu\u00e9es le 13 ao\u00fbt 1956 par d\u00e9cret beylical puis entr\u00e9es en vigueur le 1er janvier 1957\u00a0\u00bb. De m\u00eame, l\u2019obligation de l\u2019enseignement pour les deux sexes, revient au Bey martyr de la nation Mohamed Moncef Pacha.<\/p>\n<p class=\"rtejustify\">Bourguiba comme tout le monde sait, a jou\u00e9 un r\u00f4le d\u00e9terminant dans ces r\u00e9alisations certes, mais une fois Pr\u00e9sident, en talentueux faussaire de l\u2019histoire, s\u2019est tout appropri\u00e9, \u00ab\u00a0le beurre et l\u2019argent du beurre\u00a0\u00bb, y compris le pays.<\/p>\n<p class=\"rtejustify\"><strong>Hussayn Ben Ali Bey Ier.<\/strong><\/p>\n<p class=\"rtejustify\">Autochtone de par sa m\u00e8re originaire de la r\u00e9gion du Kef, sa ville natale, et fils de Ali Pacha officier de l\u2019arm\u00e9e ottomane, il fut pl\u00e9biscit\u00e9 par la population pour tenir les commandes du pays apr\u00e8s la d\u00e9faillance de Ibrahim Cherif bey de Tunis (1702 \u00e0 1705) \u00ab\u00a0pendant la p\u00e9riode de crise qui suit la fin du r\u00e8gne des Mouradites.\u00a0\u00bb<\/p>\n<p class=\"rtejustify\">Ainsi, il r\u00e9ussi \u00e0 s\u2019imposer en 1705 en tant que Bey de Tunis et fonde la dynastie des Husseinites sous le nom d\u2019Hussein Ier.<br \/>\n\u00ab\u00a0Gr\u00e2ce \u00e0 la stabilit\u00e9 politique engendr\u00e9e et aux comp\u00e9tences des immigrants morisques d\u2019Andalousie, la Tunisie conna\u00eet une nouvelle relance \u00e9conomique.\u00a0\u00bb<\/p>\n<p class=\"rtejustify\">En 1855, Ahmed Pacha Bey Ier d\u00e9c\u00e8de. \u00a0Fondateur de l\u2019Ecole Militaire du Bardo (appel\u00e9e aussi \u00c9cole Polytechnique), aujourd\u2019hui mus\u00e9e de l\u2019arm\u00e9e- dans le but de moderniser L\u2019Arm\u00e9e, l\u2019administration et les lois, il avait comme souci majeur d\u2019int\u00e9grer le pays dans la modernit\u00e9.<\/p>\n<p class=\"rtejustify\">Pour atteindre ses objectifs, Il invite des encadrants europ\u00e9ens pour r\u00e9former l\u2019enseignement et la formation des nouveaux officiers et hauts commis de l\u2019Etat. \u00ab\u00a0Despote \u00e9clair\u00e9\u00a0\u00bb selon Pr Mokhtar Bey (petit fils de Ahmed Pacha Bey II), l\u2019Homme de la Modernit\u00e9\u00a0\u00bb selon ma modeste personne.<\/p>\n<p class=\"rtejustify\">Du temps de Habib Ben Ali Bourguiba, premier ministre de Ahmed Lamine Pacha Bey, fut cr\u00e9\u00e9e l\u2019arm\u00e9e de la Tunisie ind\u00e9pendante en 1956.<\/p>\n<p class=\"rtejustify\">L\u2019histoire de l\u2019arm\u00e9e tunisienne est donc intimement li\u00e9e \u00e0 la Dynastie Husseinte qu\u2019il n\u2019en d\u00e9plaise aux perroquets des versions officielles erron\u00e9es de Habib Bourguiba.<\/p>\n<p class=\"rtejustify\"><strong>Habib Ben Ali Bourguiba, Pr\u00e9sident.<\/strong><\/p>\n<p class=\"rtejustify\">Une fois Pr\u00e9sident de sa R\u00e9publique, Bourguiba a fait de l\u2019Arm\u00e9e Nationale un souffre douleur. Parano\u00efaque, il craignait les \u00a0coups d\u2019Etat. Pour lui l\u2019arm\u00e9e \u00e9tait un mal n\u00e9cessaire.<\/p>\n<p class=\"rtejustify\">En 1961, il d\u00e9cide de d\u00e9clarer la guerre \u00e0 la France \u00e0 Bizerte, ce qui est louable en soi. Seulement, d\u00e9munie, l\u2019arm\u00e9e n\u2019avait ni les moyens, ni le savoir faire pour se mesurer \u00e0 l\u2019une des plus puissantes arm\u00e9es du monde. Ainsi, il s\u2019est servi de l\u2019arm\u00e9e comme de la chair \u00e0 canon!<\/p>\n<p class=\"rtejustify\">Avec arrogance, Bourguiba annonce une victoire qui n\u2019en est pas une. L\u2019arm\u00e9e fran\u00e7aise n\u2019a quitt\u00e9 la base de Bizerte que quelques mois apr\u00e8s l\u2019ind\u00e9pendance de l\u2019Alg\u00e9rie le 5 juillet 1962, comme l\u2019a d\u00e9cid\u00e9 De Gaulle auparavant.<\/p>\n<p class=\"rtejustify\">Alors que les familles des martyrs et les mutil\u00e9s de la guerre de Bizerte sont encore traumatis\u00e9s et n\u2019ont pas encore fait leur deuil, Bourguiba convole en grande pompe, en juste noces, et \u00e9pouse Wassila Ben Ammar. Dr\u00f4le de lune de miel!<\/p>\n<p class=\"rtejustify\">Sid\u00e9r\u00e9s et outr\u00e9s, des officiers d\u00e9cident de quitter l\u2019arm\u00e9e. D\u2019autres ont projet\u00e9, avec le concours de fellaghas et de vrais patriotes, de renverser le Zaim Pr\u00e9sident et de proposer \u00e0 Mongi Slim la succession.<\/p>\n<p class=\"rtejustify\">Entre autres raisons de cette tentative de coup d\u2019\u00e9tat, le \u00ab\u00a0combattant supr\u00eame\u00a0\u00bb autoproclam\u00e9, a d\u00e9\u00e7us et trahi, comme il sait le faire.<\/p>\n<p class=\"rtejustify\">D\u00e9nonc\u00e9s, les putschistes ont \u00e9t\u00e9s arr\u00eat\u00e9s et ex\u00e9cut\u00e9s \u00e0 la va vite. En pr\u00e9sence de civils, dont Behi Ladgham en charge de diriger le gouvernement et du d\u00e9partement de la d\u00e9fense et de Beji Caied Essebsi directeur de la s\u00fbret\u00e9, le sadique directeur de la garde nationale Mahjoub Ben Ali s\u2019est investi de la mission de les \u00ab\u00a0liquider\u00a0\u00bb personnellement au pistolet ! Ceux qui ont \u00e9chapp\u00e9 \u00e0 la mort ont \u00e9t\u00e9 \u00ab\u00a0tortur\u00e9s sans mod\u00e9ration\u00a0\u00bb. Entre temps, de Paris, la tunisienne feu Gis\u00e8le Halimi menait un combat contre la torture!<\/p>\n<p class=\"rtejustify\">Cette \u00e9pisode est en fait une cons\u00e9quence macabre de la guerre de Bizerte. L\u2019arm\u00e9e en a support\u00e9 le poids lourd.<\/p>\n<p class=\"rtejustify\">Le 26 janvier 1978, le peuple appel\u00e9 par la centrale syndicale \u00e0 faire une gr\u00e8ve g\u00e9n\u00e9rale et \u00e0 manifester fut opprim\u00e9 par l\u2019arm\u00e9e de son pays, venue pr\u00eater MAIN FORTE \u00a0aux forces de l\u2019ordre d\u00e9pass\u00e9es.<\/p>\n<p class=\"rtejustify\">Cet odieux sc\u00e9nario s\u2019est r\u00e9p\u00e9t\u00e9 lors de \u00ab\u00a0la r\u00e9volte du pain\u00a0\u00bb en 1983 et le sang du pauvre peuple a coul\u00e9 \u00e0 flots.<\/p>\n<p class=\"rtejustify\"><strong>Zinelabidine Ben Ali<\/strong><\/p>\n<p class=\"rtejustify\">En 1987, \u00ab\u00a0l\u2019officier de bureau\u00a0\u00bb, Zinelabidine Ben Ali, \u00ab\u00a0enfant prodige\u00a0\u00bb de Bourguiba, le renverse et lui vole le r\u00e8gne du pays.<br \/>\nIssu de la \u00ab\u00a0promotion Bourguiba\u00a0\u00bb, form\u00e9e \u00e0 l\u2019Ecole Militaire \u00e0 Saint-Cyr en France, il est pistonn\u00e9 par son beau-p\u00e8re officier, promu au rang de g\u00e9n\u00e9ral apr\u00e8s l\u2019ind\u00e9pendance pour ses actions chevaleresques \u00e0 l\u2019\u00e9poque coloniale.<\/p>\n<p class=\"rtejustify\">Plut\u00f4t agent de renseignements qu\u2019officier d\u2019armes, le g\u00e9n\u00e9ral devenu Pr\u00e9sident prend ses distances de l\u2019arm\u00e9e pour occuper des postes politiques d\u2019ordre s\u00e9curitaires.<\/p>\n<p class=\"rtejustify\">Fin strat\u00e8ge et avec le soutien de ses camarades de promotion, il r\u00e9ussi \u00e0 d\u00e9loger le \u00ab\u00a0p\u00e8re de la nation\u00a0\u00bb autoproclam\u00e9 Pr\u00e9sident \u00e0 vie. Une fois assur\u00e9 du pouvoir, comme son pr\u00e9d\u00e9cesseur, il \u00e9carte avec malice, ceux sur qui il a compt\u00e9. Ses \u00ab\u00a0amis g\u00e9n\u00e9raux\u00a0\u00bb se sont retrouv\u00e9s en dehors du cercle du pouvoir. il faut reconna\u00eetre qu\u2019il les a g\u00e9n\u00e9reusement gratifi\u00e9, chacun selon son rang.<\/p>\n<p class=\"rtejustify\">Toutefois, lors du \u00ab\u00a0soul\u00e8vement du bassin minier\u00a0\u00bb, l\u2019arm\u00e9e a re\u00e7u l\u2019ordre de boucler \u2018la zone\u00a0\u00bb et de mater les r\u00e9volt\u00e9s. Comme du temps de Bourguiba, il s\u2019est servi de l\u2019arm\u00e9e pour se prot\u00e9ger de ses \u00ab\u00a0sujets\u2019.<\/p>\n<p class=\"rtejustify\">Vingt trois ans apr\u00e8s son \u00ab\u00a0coup d\u2019\u00e9tat constitutionnel\u00a0\u00bb, trahi, il s\u2019est envol\u00e9 comme un d\u00e9serteur. Avec recul, on constate que l\u2019arm\u00e9e a laiss\u00e9 faire.<\/p>\n<p class=\"rtejustify\">Une d\u00e9cennie apr\u00e8s \u00ab\u00a0la r\u00e9volution\u00a0\u00bb, le pouvoir n\u2019a de pouvoir sur rien. L\u2019arm\u00e9e est tout ce qui reste de solide et de cr\u00e9dible dans ce pays. Disciplin\u00e9e et discr\u00e8te, elle reste la grande muette.<\/p>\n<p class=\"rtejustify\">De Hussein Ben Ali Ier, l\u2019arm\u00e9e n\u2019a jamais cherch\u00e9 le pouvoir. Seulement, elle intervient soit pour le sauver, le prot\u00e9ger, le d\u00e9faire ou pour laisser faire.<\/p>\n<p class=\"rtejustify\">Aujourd\u2019hui r\u00e9publicaine certes, son origine est bel et bien beylicale. Il faut remonter au fondateur de la Dynastie Husseinite pour d\u00e9terminer sa vraie \u00ab\u00a0date de naissance\u00a0\u00bb. Il faut lire l\u2019Histoire au lieu de suivre le b\u00e9tail. Bon anniversaire quand m\u00eame.<\/p>\n<p class=\"rtejustify\">NB: les paragraphes mis entre guillemets sont tir\u00e9s de wikip\u00e9dia.<\/p>\n<\/div>\n<p>Auteur: L&rsquo;expert<br \/>\n<a href=\"http:\/\/lexpertjournal.net\/fr\/?p=20515\">Cliquez ici pour lire l&rsquo;article depuis sa source.<\/a><\/p>\n","protected":false},"excerpt":{"rendered":"<p>En ce moment, on c\u00e9l\u00e8bre, tambour battant, le 65\u00e8me anniversaire de la cr\u00e9ation de l\u2019arm\u00e9e tunisienne. Officiellement, cette arm\u00e9e fut cr\u00e9\u00e9e en Juillet 1956, ce qui suppose qu\u2019il n\u2019y en avait pas avant! A la date de sa cr\u00e9ation, le Souverain Lamine Pacha Bey \u00e9tait encore chef de l\u2019\u00c9tat. D\u2019ailleurs c\u2019est \u00e0 son \u00e9poque que [&hellip;]<\/p>\n","protected":false},"author":1775,"featured_media":0,"comment_status":"closed","ping_status":"closed","sticky":false,"template":"","format":"standard","meta":{"fifu_image_url":"","fifu_image_alt":"","footnotes":""},"categories":[78,55],"tags":[],"class_list":["post-119492","post","type-post","status-publish","format-standard","hentry","category-economie","category-tunisie"],"_links":{"self":[{"href":"https:\/\/linitiative.ca\/International\/wp-json\/wp\/v2\/posts\/119492","targetHints":{"allow":["GET"]}}],"collection":[{"href":"https:\/\/linitiative.ca\/International\/wp-json\/wp\/v2\/posts"}],"about":[{"href":"https:\/\/linitiative.ca\/International\/wp-json\/wp\/v2\/types\/post"}],"author":[{"embeddable":true,"href":"https:\/\/linitiative.ca\/International\/wp-json\/wp\/v2\/users\/1775"}],"replies":[{"embeddable":true,"href":"https:\/\/linitiative.ca\/International\/wp-json\/wp\/v2\/comments?post=119492"}],"version-history":[{"count":0,"href":"https:\/\/linitiative.ca\/International\/wp-json\/wp\/v2\/posts\/119492\/revisions"}],"wp:attachment":[{"href":"https:\/\/linitiative.ca\/International\/wp-json\/wp\/v2\/media?parent=119492"}],"wp:term":[{"taxonomy":"category","embeddable":true,"href":"https:\/\/linitiative.ca\/International\/wp-json\/wp\/v2\/categories?post=119492"},{"taxonomy":"post_tag","embeddable":true,"href":"https:\/\/linitiative.ca\/International\/wp-json\/wp\/v2\/tags?post=119492"}],"curies":[{"name":"wp","href":"https:\/\/api.w.org\/{rel}","templated":true}]}}