{"id":119493,"date":"2021-06-25T08:19:54","date_gmt":"2021-06-25T12:19:54","guid":{"rendered":"https:\/\/linitiative.ca\/International\/entrevue-kais-saied-ghannouchi-tout-se-joue-en-catimini-loin-des-regards\/"},"modified":"2021-06-25T08:19:54","modified_gmt":"2021-06-25T12:19:54","slug":"entrevue-kais-saied-ghannouchi-tout-se-joue-en-catimini-loin-des-regards","status":"publish","type":"post","link":"https:\/\/linitiative.ca\/International\/entrevue-kais-saied-ghannouchi-tout-se-joue-en-catimini-loin-des-regards\/","title":{"rendered":"Entrevue Ka\u00efs Sa\u00efed \u2013 Ghannouchi : tout se joue en catimini, loin des regards"},"content":{"rendered":"<div>\n<div class=\"td-post-content\">\n<h2>Rien n\u2019a filtr\u00e9 du contenu de l\u2019audience accord\u00e9e hier jeudi par le pr\u00e9sident de la R\u00e9publique, Ka\u00efs Sa\u00efed au Pr\u00e9sident de l\u2019ARP, Rached Ghannouchi. Comme si ce qui se passe \u00e0 Carthage, entre les deux Pr\u00e9sidences, ne concernait pas les Tunisiens. Aussi, sommes-nous contraints de jouer aux devinettes. Lamentable.<\/h2>\n<p>Que savons-nous au juste du contenu des entretiens qui avaient lieu hier jeudi 24 juin au palais de Carthage entre le ma\u00eetre des lieux,\u00a0<strong>Ka\u00efs Sa\u00efed<\/strong>\u00a0et son invit\u00e9 le pr\u00e9sident de l\u2019ARP,\u00a0<strong>Rached Ghannouchi<\/strong>?<\/p>\n<h2>Informations au compte-gouttes<\/h2>\n<p>Rien de consistant \u00e0 se mettre sous la dent. Sauf un laconique communiqu\u00e9 \u00e9manant le jour m\u00eame de la\u00a0<a href=\"https:\/\/www.facebook.com\/Presidence.tn\/photos\/a.281368748587856\/4369695296421827\/\" target=\"_blank\" rel=\"noopener noreferrer\">pr\u00e9sidence de la R\u00e9publique<\/a>. \u00ab Le pr\u00e9sident de la R\u00e9publique a rencontr\u00e9 jeudi, Rached Ghannouchi, \u00e0 l\u2019occasion de la c\u00e9r\u00e9monie marquant la c\u00e9l\u00e9bration du 65\u00e8me anniversaire de la cr\u00e9ation de l\u2019Arm\u00e9e nationale \u00bb. Ainsi peut-on lire.<\/p>\n<p>Plus g\u00e9n\u00e9reux, le dirigeant nahdhaoui, Fethi Ayadi, voulait bien \u00e9clairer nos lanternes. En pr\u00e9cisant que la rencontre fut, \u00e0 la fois, \u00ab prolong\u00e9e et positive \u00bb.<\/p>\n<p>En attendant des pr\u00e9cisions sur le contenu de cette audience, il convient de souligner ce qui suit.<\/p>\n<h2>M\u00e9pris<\/h2>\n<p>Primo: \u00e9tant donn\u00e9 qu\u2019il ne s\u2019agit pas d\u2019une entrevue priv\u00e9e mais d\u2019une rencontre officielle entre les plus hautes institutions de l\u2019Etat \u00e0 l\u2019occasion hautement symbolique de la c\u00e9l\u00e9bration du 65\u00e8me anniversaire de la cr\u00e9ation de l\u2019Arm\u00e9e nationale; il est de notre droit d\u2019\u00eatre \u00e9clair\u00e9s sur le contenu de l\u2019audience accord\u00e9e par le Pr\u00e9sident \u00e0 son h\u00f4te, ainsi que sur les sujets abord\u00e9s.<\/p>\n<p>Le black-out impos\u00e9 par la pr\u00e9sidence de la R\u00e9publique d\u00e9coule donc d\u2019une faute grave de communication et repr\u00e9sente une forme de m\u00e9pris de l\u2019opinion publique. Et ce, dans un contexte sanitaire des plus dangereux. Au milieu, d\u2019une situation socio\u00e9conomique extr\u00eamement difficile aggrav\u00e9e par un conflit politico-constitutionnel entre les deux t\u00eates de l\u2019Ex\u00e9cutif.<\/p>\n<h2>Changement de d\u00e9cor<\/h2>\n<p>Secundo: d\u2019habitude, les t\u00e9l\u00e9spectateurs ont droit au sc\u00e9nario classique du Pr\u00e9sident, qui, solennel, s\u2019adresse \u00e0 ses interlocuteurs; sans que ces derniers n\u2019aient le droit de s\u2019exprimer. Cette fois-ci, cette humiliante attitude pr\u00e9sidentielle n\u2019a pas eu lieu. On voyait m\u00eame les deux hommes discuter courtoisement. Rached Ghannouchi aurait-il pr\u00e9alablement refus\u00e9 de jouer le r\u00f4le de l\u2019\u00e9l\u00e8ve face \u00e0 un ma\u00eetre sourcilleux?<\/p>\n<h2>Pourquoi pas une r\u00e9union tripartite\u00a0?<\/h2>\n<p>Tertio: pourquoi le chef du gouvernement\u00a0<strong>Hichem Mechichi<\/strong>\u00a0qui \u00e9tait pr\u00e9sent \u00e0 la c\u00e9r\u00e9monie n\u2019a-t-il pas \u00e9t\u00e9 convi\u00e9 \u00e0 se joindre \u00e0 la rencontre? De m\u00eame, puisqu\u2019il est \u00e9vident que Sa\u00efed et Ghannouchi ont \u00e9voqu\u00e9 le dossier du dialogue national qui traine en longueur; pourquoi ne pas avoir invit\u00e9 le SG de l\u2019UGTT,\u00a0<strong>Noureddine Tabboubi<\/strong>?<\/p>\n<h2>La m\u00e9diation de Lotfi Zitoun: une man\u0153uvre?<\/h2>\n<p>Quarto: il semble \u00e9vident que la m\u00e9diation entreprise par une personnalit\u00e9 consensuelle, en l\u2019occurrence\u00a0<a href=\"https:\/\/www.leconomistemaghrebin.com\/2021\/06\/23\/mediation-lotfi-zitoun-premices-degel-kais-saied-ghannouchi\/\" target=\"_blank\" rel=\"noopener noreferrer\"><strong>Lotfi Zitoun<\/strong><\/a>, vient de r\u00e9ussir; l\u00e0 o\u00f9 d\u2019autres ont lamentablement \u00e9chou\u00e9. Puisque les deux hommes, qui ne cachent pas leur hostilit\u00e9 l\u2019un envers l\u2019autre et dont les relations sont froides et distantes, finissent par s\u2019asseoir autour de la m\u00eame table.<\/p>\n<p>A savoir que le SG adjoint de la centrale syndicale, Sami Tahri, a qualifi\u00e9, hier jeudi sur les ondes de Shems FM, la m\u00e9diation entreprise par Lotfi Zitoun pour r\u00e9tablir la communication entre le pr\u00e9sident de la R\u00e9publique et le pr\u00e9sident du Parlement de \u00ab man\u0153uvres dont l\u2019objectif est de perturber le d\u00e9roulement de l\u2019initiative pr\u00e9sent\u00e9e par l\u2019Union g\u00e9n\u00e9rale tunisienne du travail \u00bb.<\/p>\n<p>Reste \u00e0 savoir si la rencontre de Carthage entre les deux pr\u00e9sidences marquait un r\u00e9chauffement des relations futures entre les deux hommes que tout s\u00e9pare; ou une simple visite de courtoisie sans suite. L\u2019avenir nous le dira.<\/p>\n<div class=\"td-a-rec td-a-rec-id-content_bottom  td_uid_44_60d5c85e317e6_rand td_block_template_1\"><\/div>\n<\/div>\n<footer>\n<div class=\"td-post-source-tags\">\n<ul class=\"td-tags td-post-small-box clearfix\">\n<li>leconomistemaghrebin<\/li>\n<\/ul>\n<\/div>\n<\/footer>\n<\/div>\n<p>Auteur: L&rsquo;expert<br \/>\n<a href=\"http:\/\/lexpertjournal.net\/fr\/?p=20519\">Cliquez ici pour lire l&rsquo;article depuis sa source.<\/a><\/p>\n","protected":false},"excerpt":{"rendered":"<p>Rien n\u2019a filtr\u00e9 du contenu de l\u2019audience accord\u00e9e hier jeudi par le pr\u00e9sident de la R\u00e9publique, Ka\u00efs Sa\u00efed au Pr\u00e9sident de l\u2019ARP, Rached Ghannouchi. Comme si ce qui se passe \u00e0 Carthage, entre les deux Pr\u00e9sidences, ne concernait pas les Tunisiens. Aussi, sommes-nous contraints de jouer aux devinettes. Lamentable. Que savons-nous au juste du contenu [&hellip;]<\/p>\n","protected":false},"author":1775,"featured_media":0,"comment_status":"closed","ping_status":"closed","sticky":false,"template":"","format":"standard","meta":{"fifu_image_url":"","fifu_image_alt":"","footnotes":""},"categories":[78,55],"tags":[],"class_list":["post-119493","post","type-post","status-publish","format-standard","hentry","category-economie","category-tunisie"],"_links":{"self":[{"href":"https:\/\/linitiative.ca\/International\/wp-json\/wp\/v2\/posts\/119493","targetHints":{"allow":["GET"]}}],"collection":[{"href":"https:\/\/linitiative.ca\/International\/wp-json\/wp\/v2\/posts"}],"about":[{"href":"https:\/\/linitiative.ca\/International\/wp-json\/wp\/v2\/types\/post"}],"author":[{"embeddable":true,"href":"https:\/\/linitiative.ca\/International\/wp-json\/wp\/v2\/users\/1775"}],"replies":[{"embeddable":true,"href":"https:\/\/linitiative.ca\/International\/wp-json\/wp\/v2\/comments?post=119493"}],"version-history":[{"count":0,"href":"https:\/\/linitiative.ca\/International\/wp-json\/wp\/v2\/posts\/119493\/revisions"}],"wp:attachment":[{"href":"https:\/\/linitiative.ca\/International\/wp-json\/wp\/v2\/media?parent=119493"}],"wp:term":[{"taxonomy":"category","embeddable":true,"href":"https:\/\/linitiative.ca\/International\/wp-json\/wp\/v2\/categories?post=119493"},{"taxonomy":"post_tag","embeddable":true,"href":"https:\/\/linitiative.ca\/International\/wp-json\/wp\/v2\/tags?post=119493"}],"curies":[{"name":"wp","href":"https:\/\/api.w.org\/{rel}","templated":true}]}}