{"id":119494,"date":"2021-06-25T08:23:14","date_gmt":"2021-06-25T12:23:14","guid":{"rendered":"https:\/\/linitiative.ca\/International\/lappel-de-nizar-yaiche-a-la-communaute-internationale-pour-changer-la-donne-en-afrique\/"},"modified":"2021-06-25T08:23:14","modified_gmt":"2021-06-25T12:23:14","slug":"lappel-de-nizar-yaiche-a-la-communaute-internationale-pour-changer-la-donne-en-afrique","status":"publish","type":"post","link":"https:\/\/linitiative.ca\/International\/lappel-de-nizar-yaiche-a-la-communaute-internationale-pour-changer-la-donne-en-afrique\/","title":{"rendered":"L\u2019appel de Nizar Ya\u00efche \u00e0 la communaut\u00e9 internationale pour changer la donne en Afrique"},"content":{"rendered":"<div>\n<h2>L\u2019ancien ministre des Finances, Nizar Ya\u00efche, participait jeudi \u00e0 la conf\u00e9rence internationale \u00ab\u00a0Financing Investment &amp; Trade in Africa\u00a0\u00bb (<a href=\"http:\/\/tabc.org.tn\/FITA\/a-propos\/\" target=\"_blank\" rel=\"noopener noreferrer\">FITA 2021<\/a>). En effet, elle se tient les 24, 25 et 26 juin, \u00e0 Tunis.<\/h2>\n<p>Nizar Ya\u00efche a pr\u00e9sent\u00e9 des pistes r\u00e9flexion pour d\u00e9velopper les \u00e9conomies africaines. Il a, \u00e0 cette occasion, lanc\u00e9 un appel \u00e0 la communaut\u00e9 internationale. Laquelle a un \u00ab\u00a0r\u00f4le primordial pour changer la donne en Afrique\u00a0\u00bb.<\/p>\n<p>Nizar Ya\u00efche pr\u00f4ne aussi \u00e0 un changement de m\u00e9canisme de financement des \u00e9conomies et des budgets des Etats africains; notamment en mati\u00e8re d\u2019innovation des produits financiers.<\/p>\n<p>\u00ab\u00a0Il faut aligner les ambitions et les solutions d\u2019investissement. Si on ne change pas de paradigme, le co\u00fbt du report et de la non-d\u00e9cision pour l\u2019Afrique va nettement au-dessus de ce qu\u2019on pourrait payer aujourd\u2019hui pour r\u00e9soudre les probl\u00e8mes\u00a0\u00bb. Ainsi alerte Nizar Ya\u00efche.<\/p>\n<p>Et d\u2019ajouter que la responsabilit\u00e9 qui incombe \u00e0 la communaut\u00e9 internationale ne peut se faire que si les Africains eux-m\u00eames \u00e9laborent aussi un plan cr\u00e9dible de r\u00e9formes structurelles de leurs \u00e9conomies et de leurs finances publiques.<\/p>\n<p>Pour l\u2019ancien ministre, les enjeux et les d\u00e9fis sont \u00e9normes. Les produits financiers doivent s\u2019adapter \u00e0 la r\u00e9alit\u00e9 des Africains.<\/p>\n<h2>Le potentiel est en Afrique<\/h2>\n<p>Optimiste, l\u2019ancien ministre a soulign\u00e9 que le potentiel est en Afrique. Il faut innover pour l\u2019Africain et il ne faut pas appliquer des mod\u00e8les standards. Dans ce sens, Nizar Ya\u00efche constate aussi une \u00e9norme diff\u00e9rence entre la rentabilit\u00e9 et la concentration des co\u00fbts et des risques.<\/p>\n<p>Au final,\u00a0<a href=\"http:\/\/www.leconomistemaghrebin.com\/2021\/05\/04\/pwc-france-nizar-yaiche-est-de-retour\/\" target=\"_blank\" rel=\"noopener noreferrer\">l\u2019ancien ministre des Finances<\/a>\u00a0n\u2019a pas manqu\u00e9 de rappeler qu\u2019il y a, durant la derni\u00e8re d\u00e9cennie, une quasi dominance financi\u00e8re par rapport \u00e0 une r\u00e9alit\u00e9 \u00e9conomique et de croissance r\u00e9elle. Ce qui pourrait donner un mauvais r\u00e9sultat. Que faire? \u00ab\u00a0Il faut que les produits financiers s\u2019accompagnent d\u2019une r\u00e9alit\u00e9 de cr\u00e9ation \u00e9conomique\u00a0\u00bb, a-t-il conclu son intervention.<\/p>\n<p>Enfin, soulignons que FITA 2021 est l\u2019occasion de mettre en relation les entreprises tunisiennes avec les bailleurs de fonds panafricains et internationaux pour se financer et acc\u00e9l\u00e9rer leur croissance sur le continent. Notons que les m\u00e9canismes de financement en Afrique seront mis aussi en avant lors de cette conf\u00e9rence.<\/p>\n<p>\u00a0<\/p>\n<p><a href=\"https:\/\/youtu.be\/mBBPN5UIxfc\">https:\/\/youtu.be\/mBBPN5UIxfc<\/a><\/p>\n<p>\u00a0<\/p>\n<p><strong>leconomistemaghrebin<\/strong><\/p>\n<p>\u00a0<\/p>\n<\/div>\n<p>Auteur: L&rsquo;expert<br \/>\n<a href=\"http:\/\/lexpertjournal.net\/fr\/?p=20522\">Cliquez ici pour lire l&rsquo;article depuis sa source.<\/a><\/p>\n","protected":false},"excerpt":{"rendered":"<p>L\u2019ancien ministre des Finances, Nizar Ya\u00efche, participait jeudi \u00e0 la conf\u00e9rence internationale \u00ab\u00a0Financing Investment &amp; Trade in Africa\u00a0\u00bb (FITA 2021). En effet, elle se tient les 24, 25 et 26 juin, \u00e0 Tunis. Nizar Ya\u00efche a pr\u00e9sent\u00e9 des pistes r\u00e9flexion pour d\u00e9velopper les \u00e9conomies africaines. Il a, \u00e0 cette occasion, lanc\u00e9 un appel \u00e0 la [&hellip;]<\/p>\n","protected":false},"author":1775,"featured_media":0,"comment_status":"closed","ping_status":"closed","sticky":false,"template":"","format":"standard","meta":{"fifu_image_url":"","fifu_image_alt":"","footnotes":""},"categories":[78,55],"tags":[],"class_list":["post-119494","post","type-post","status-publish","format-standard","hentry","category-economie","category-tunisie"],"_links":{"self":[{"href":"https:\/\/linitiative.ca\/International\/wp-json\/wp\/v2\/posts\/119494","targetHints":{"allow":["GET"]}}],"collection":[{"href":"https:\/\/linitiative.ca\/International\/wp-json\/wp\/v2\/posts"}],"about":[{"href":"https:\/\/linitiative.ca\/International\/wp-json\/wp\/v2\/types\/post"}],"author":[{"embeddable":true,"href":"https:\/\/linitiative.ca\/International\/wp-json\/wp\/v2\/users\/1775"}],"replies":[{"embeddable":true,"href":"https:\/\/linitiative.ca\/International\/wp-json\/wp\/v2\/comments?post=119494"}],"version-history":[{"count":0,"href":"https:\/\/linitiative.ca\/International\/wp-json\/wp\/v2\/posts\/119494\/revisions"}],"wp:attachment":[{"href":"https:\/\/linitiative.ca\/International\/wp-json\/wp\/v2\/media?parent=119494"}],"wp:term":[{"taxonomy":"category","embeddable":true,"href":"https:\/\/linitiative.ca\/International\/wp-json\/wp\/v2\/categories?post=119494"},{"taxonomy":"post_tag","embeddable":true,"href":"https:\/\/linitiative.ca\/International\/wp-json\/wp\/v2\/tags?post=119494"}],"curies":[{"name":"wp","href":"https:\/\/api.w.org\/{rel}","templated":true}]}}