{"id":119499,"date":"2021-06-25T06:54:37","date_gmt":"2021-06-25T10:54:37","guid":{"rendered":"https:\/\/linitiative.ca\/International\/hausse-de-06-de-lipc-au-cours-du-mois-de-mai-dernier\/"},"modified":"2021-06-25T06:54:37","modified_gmt":"2021-06-25T10:54:37","slug":"hausse-de-06-de-lipc-au-cours-du-mois-de-mai-dernier","status":"publish","type":"post","link":"https:\/\/linitiative.ca\/International\/hausse-de-06-de-lipc-au-cours-du-mois-de-mai-dernier\/","title":{"rendered":"Hausse de 0,6% de l\u2019IPC au cours du mois de mai dernier"},"content":{"rendered":"<div>\n<div style=\"margin-bottom:20px;\"><img loading=\"lazy\" decoding=\"async\" width=\"750\" height=\"430\" src=\"https:\/\/linitiative.ca\/International\/wp-content\/uploads\/sites\/23\/2021\/06\/fruits-1-copier.jpg\" class=\"attachment-post-thumbnail size-post-thumbnail wp-post-image\" alt=\"\" srcset=\"https:\/\/linitiative.ca\/International\/wp-content\/uploads\/sites\/23\/2021\/06\/fruits-1-copier.jpg 750w, http:\/\/www.mapmarrakech.ma\/map\/uploads\/2021\/04\/fruits-1-copier-300x172.jpg 300w\" sizes=\"auto, (max-width: 750px) 100vw, 750px\"><\/div>\n<p>Cette variation est le r\u00e9sultat d\u2019une hausse de 1,2% de l\u2019indice des produits alimentaires et de 0,1% de l\u2019indice des produits non alimentaires, explique la Direction r\u00e9gionale du Haut Commissariat au Plan de Marrakech-Safi.<\/p>\n<p>Compar\u00e9 au m\u00eame mois de l\u2019ann\u00e9e pr\u00e9c\u00e9dente, l\u2019IPC du mois de mai 2021 dans la ville de Marrakech, a enregistr\u00e9 une hausse de 2% en passant de 102,1 \u00e0 104,1, cons\u00e9quence de la hausse de l\u2019indice des produits non alimentaires de 2,8% et de celui des produits alimentaires de 0,8%, indique la Direction dans sa derni\u00e8re note sur l\u2019\u00e9volution de l\u2019IPC dans la ville de Marrakech.<\/p>\n<p>Pour ce qui est de l\u2019indice des cinq premiers mois de 2021, il a connu une hausse de 0,6% par rapport \u00e0 la m\u00eame p\u00e9riode de 2020, en passant de 102,2 \u00e0 102,8.<\/p>\n<p>Les variations des indices des produits non alimentaires observ\u00e9es entre avril et mai 2021, touchent principalement les divisions\u00a0 de \u00ab\u00a0Meubles, Articles de m\u00e9nage et entretien courant du foyer\u00a0\u00bb, et les \u00ab\u00a0Transports\u00a0\u00bb avec une hausse de 0,5% et 0,4% respectivement.<\/p>\n<p>Les indices des classes alimentaires ont enregistr\u00e9 entre avril et mai 2021, une hausse notamment pour les prix des\u00a0 \u00ab\u00a0Poissons et Fruits de mer\u00a0\u00bb avec 19,1%, des \u00ab\u00a0Viandes\u00a0\u00bb avec 3%, des \u00ab\u00a0L\u00e9gumes\u00a0\u00bb avec 2,6%, et du \u00ab\u00a0Sucre, confiture, miel, chocolat et confiserie\u00a0\u00bb avec 0,2%.<\/p>\n<p>En revanche, les prix ont diminu\u00e9 de 1,8% pour le \u00ab\u00a0Lait, fromage et \u0153ufs\u00a0\u00bb, de 0,5% pour \u00ab\u00a0les Fruits\u00a0\u00bb, de 0,3% pour le \u00ab\u00a0Pain et c\u00e9r\u00e9ales\u00a0\u00bb et de 0,1% pour les \u00ab\u00a0huiles et Graisses\u00a0\u00bb.<\/p>\n<p>Au niveau national, l\u2019IPC a connu, au cours du mois de mai 2021, une hausse de 0,3% par rapport au mois pr\u00e9c\u00e9dent. Cette variation est le r\u00e9sultat de la hausse de 0,5% de l\u2019indice des produits alimentaires et de 0,1% de l\u2019indice des produits non alimentaires.<\/p>\n<p>Les hausses des produits alimentaires observ\u00e9es entre avril et mai 2021 concernent principalement les \u00ab\u00a0Poissons et fruits de mer\u00a0\u00bb avec 7,1%, les \u00ab\u00a0Viandes\u00a0\u00bb avec 2,9%, les \u00ab\u00a0L\u00e9gumes\u00a0\u00bb avec 1,5%, les \u00ab\u00a0Huiles et graisses\u00a0\u00bb et le \u00ab\u00a0Caf\u00e9, th\u00e9 et cacao\u00a0\u00bb avec 0,1%, pr\u00e9cise-t-on de m\u00eame source.<\/p>\n<p>En revanche, les prix ont diminu\u00e9 de 5,0% pour les \u00ab\u00a0Fruits\u00a0\u00bb et de 0,4% pour le \u00ab\u00a0lait, fromage et oeufs\u00a0\u00bb, explique la m\u00eame source, faisant savoir que pour les produits non alimentaires, la hausse a concern\u00e9 principalement les prix des \u00ab\u00a0carburants\u00a0\u00bb avec 0,7%.<\/p>\n<p>Les hausses les plus importantes de l\u2019IPC ont \u00e9t\u00e9 enregistr\u00e9es \u00e0 Beni Mellal avec 1,3%, \u00e0 Safi avec 0,9%, \u00e0 Settat et Errachidia avec 0,8%, \u00e0 Marrakech avec 0,6%, \u00e0 T\u00e9touan et Al Hoceima avec 0,5% et \u00e0 Casablanca et La\u00e2youne avec 0,3%.<\/p>\n<p>En revanche, des baisses ont \u00e9t\u00e9 enregistr\u00e9es \u00e0 F\u00e8s avec 0,7% et \u00e0 Dakhla avec 0,2%.<\/p>\n<p>The post <a rel=\"nofollow\" href=\"http:\/\/www.mapmarrakech.ma\/fr\/hausse-de-06-de-lipc-au-cours-du-mois-de-mai-dernier\/\">Hausse de 0,6% de l\u2019IPC au cours du mois de mai dernier<\/a> appeared first on <a rel=\"nofollow\" href=\"http:\/\/www.mapmarrakech.ma\/fr\">MapMarrakech<\/a>.<\/p>\n<\/div>\n<p>Auteur: Meriem IGASS<br \/>\n<a href=\"http:\/\/www.mapmarrakech.ma\/fr\/hausse-de-06-de-lipc-au-cours-du-mois-de-mai-dernier\/\">Cliquez ici pour lire l&rsquo;article depuis sa source.<\/a><\/p>\n","protected":false},"excerpt":{"rendered":"<p>Cette variation est le r\u00e9sultat d\u2019une hausse de 1,2% de l\u2019indice des produits alimentaires et de 0,1% de l\u2019indice des produits non alimentaires, explique la Direction r\u00e9gionale du Haut Commissariat au Plan de Marrakech-Safi. Compar\u00e9 au m\u00eame mois de l\u2019ann\u00e9e pr\u00e9c\u00e9dente, l\u2019IPC du mois de mai 2021 dans la ville de Marrakech, a enregistr\u00e9 une [&hellip;]<\/p>\n","protected":false},"author":1788,"featured_media":0,"comment_status":"closed","ping_status":"closed","sticky":false,"template":"","format":"standard","meta":{"fifu_image_url":"http:\/\/www.mapmarrakech.ma\/map\/uploads\/2021\/04\/fruits-1-copier.jpg","fifu_image_alt":"Hausse de 0,6% de l\u2019IPC au cours du mois de mai dernier","footnotes":""},"categories":[54,76],"tags":[],"class_list":["post-119499","post","type-post","status-publish","format-standard","hentry","category-maroc","category-regions"],"_links":{"self":[{"href":"https:\/\/linitiative.ca\/International\/wp-json\/wp\/v2\/posts\/119499","targetHints":{"allow":["GET"]}}],"collection":[{"href":"https:\/\/linitiative.ca\/International\/wp-json\/wp\/v2\/posts"}],"about":[{"href":"https:\/\/linitiative.ca\/International\/wp-json\/wp\/v2\/types\/post"}],"author":[{"embeddable":true,"href":"https:\/\/linitiative.ca\/International\/wp-json\/wp\/v2\/users\/1788"}],"replies":[{"embeddable":true,"href":"https:\/\/linitiative.ca\/International\/wp-json\/wp\/v2\/comments?post=119499"}],"version-history":[{"count":0,"href":"https:\/\/linitiative.ca\/International\/wp-json\/wp\/v2\/posts\/119499\/revisions"}],"wp:attachment":[{"href":"https:\/\/linitiative.ca\/International\/wp-json\/wp\/v2\/media?parent=119499"}],"wp:term":[{"taxonomy":"category","embeddable":true,"href":"https:\/\/linitiative.ca\/International\/wp-json\/wp\/v2\/categories?post=119499"},{"taxonomy":"post_tag","embeddable":true,"href":"https:\/\/linitiative.ca\/International\/wp-json\/wp\/v2\/tags?post=119499"}],"curies":[{"name":"wp","href":"https:\/\/api.w.org\/{rel}","templated":true}]}}