{"id":119501,"date":"2021-06-25T11:05:57","date_gmt":"2021-06-25T15:05:57","guid":{"rendered":"https:\/\/linitiative.ca\/International\/les-oeuvres-de-lartiste-peintre-rachida-touijri-sous-les-projecteurs\/"},"modified":"2021-06-25T11:05:57","modified_gmt":"2021-06-25T15:05:57","slug":"les-oeuvres-de-lartiste-peintre-rachida-touijri-sous-les-projecteurs","status":"publish","type":"post","link":"https:\/\/linitiative.ca\/International\/les-oeuvres-de-lartiste-peintre-rachida-touijri-sous-les-projecteurs\/","title":{"rendered":"Les \u0153uvres de l\u2019artiste-peintre Rachida Touijri sous les projecteurs"},"content":{"rendered":"<div>\n<div style=\"margin-bottom:20px;\"><img loading=\"lazy\" decoding=\"async\" width=\"750\" height=\"430\" src=\"https:\/\/linitiative.ca\/International\/wp-content\/uploads\/sites\/23\/2021\/06\/exposition-touijri-copier.jpg\" class=\"attachment-post-thumbnail size-post-thumbnail wp-post-image\" alt=\"\" srcset=\"https:\/\/linitiative.ca\/International\/wp-content\/uploads\/sites\/23\/2021\/06\/exposition-touijri-copier.jpg 750w, http:\/\/www.mapmarrakech.ma\/map\/uploads\/2021\/06\/exposition-touijri-copier-300x172.jpg 300w\" sizes=\"auto, (max-width: 750px) 100vw, 750px\"><\/div>\n<p>Dans cette exposition, initi\u00e9e en collaboration avec l\u2019Association Essaouira-Mogador, cette artiste plasticienne autodidacte aborde \u00ab\u00a0la figure humaine et notamment la pr\u00e9sentation de la femme dans la culture marocaine tellement riche et diversifi\u00e9e\u00a0\u00bb au grand plaisir des passionn\u00e9s des arts plastiques.<\/p>\n<p>\u00ab\u00a0A travers mes \u0153uvres, j\u2019ai peint la femme belle et \u00e9panouie, d\u2019une mani\u00e8re floue et ambigu\u00eb, tout en jouant de cette ambigu\u00eft\u00e9 \u00e0 travers les couleurs et les diff\u00e9rentes techniques plastiques\u00a0\u00bb, a expliqu\u00e9 Mme Touijri dans une d\u00e9claration \u00e0 la MAP.<\/p>\n<p>Cette exposition \u00e0 Dar Souiri \u00ab\u00a0m\u2019a aussi permis de pr\u00e9senter mes expressions dans ce sens et de partager cette exp\u00e9rience avec d\u2019autres artistes souiris et d\u2019ailleurs, qui viennent visiter ce prestigieux lieu culturel incontournable de la Cit\u00e9 des Aliz\u00e9s\u00a0\u00bb, a-t-elle encha\u00een\u00e9.<\/p>\n<p>L\u2019artiste n\u2019a pas manqu\u00e9, d\u2019autre part, de mettre en avant l\u2019action et les efforts consentis par l\u2019Association Essaouira-Mogador pour la promotion de l\u2019art, de la culture et du dialogue interculturel.<\/p>\n<p>Pour sa part, Ahmed Harrouz, artiste-peintre et membre de l\u2019Association Essaouira-Mogador, a indiqu\u00e9 que \u00ab\u00a0les travaux artistiques de Rachida Touijri, nous rappellent l\u2019ordre du jour de la c\u00e9l\u00e9bration de l\u2019Etre-Femme, non r\u00e9duite \u00e0 son charme mais, \u00e0 sa pr\u00e9sence dans tout espace, avec affirmation et dignit\u00e9, accompagn\u00e9e par les couleurs de cette musique silencieuse qu\u2019est l\u2019art\u00a0\u00bb.<\/p>\n<p>Cette exposition, a-t-il soulign\u00e9, se veut aussi \u00ab\u00a0une belle participation \u00e0 tout ce qu\u2019entreprend l\u2019Association Essaouira-Mogador pour le renforcement et la cons\u00e9cration du dialogue et de l\u2019\u00e9change, \u00e0 travers la cr\u00e9ativit\u00e9 artistique, nationale et universelle\u00a0\u00bb.<\/p>\n<p>Ing\u00e9nieur chimiste de formation, Rachida Touijri est une artiste peintre autodidacte qui a toujours consid\u00e9r\u00e9 l\u2019art comme une valeur intime et universelle.<\/p>\n<p>Inspir\u00e9e des relations humaines qui l\u2019entourent et alimentent son univers imaginaire, elle peint, \u00e0 sa fa\u00e7on, des personnages lyriques. Ses \u0153uvres sont r\u00e9alis\u00e9es avec le coeur pour atteindre les gens de mani\u00e8re \u00e9motionnelle. Toutefois, \u00e0 certains moments, la mati\u00e8re s\u2019additionne aux pigments qu\u2019elle a toujours mani\u00e9s en tant que chimiste de base.<\/p>\n<p>Elle s\u2019exprime essentiellement par la peinture abstraite, \u00e0 travers laquelle elle communique avec le monde ext\u00e9rieur et transmet sa vision, ses sentiments et ses \u00e9motions.<\/p>\n<p>Ainsi, ses \u0153uvres dynamiques \u00ab\u00a0c\u00e9l\u00e8brent sa joie de vivre et racontent sa qu\u00eate de l\u2019\u00e9quilibre dans un monde en changement permanent \u00e0 une vitesse affolante\u00a0\u00bb.<\/p>\n<p>The post <a rel=\"nofollow\" href=\"http:\/\/www.mapmarrakech.ma\/fr\/les-oeuvres-de-lartiste-peintre-rachida-touijri-sous-les-projecteurs\/\">Les \u0153uvres de l\u2019artiste-peintre Rachida Touijri sous les projecteurs<\/a> appeared first on <a rel=\"nofollow\" href=\"http:\/\/www.mapmarrakech.ma\/fr\">MapMarrakech<\/a>.<\/p>\n<\/div>\n<p>Auteur: Meriem IGASS<br \/>\n<a href=\"http:\/\/www.mapmarrakech.ma\/fr\/les-oeuvres-de-lartiste-peintre-rachida-touijri-sous-les-projecteurs\/\">Cliquez ici pour lire l&rsquo;article depuis sa source.<\/a><\/p>\n","protected":false},"excerpt":{"rendered":"<p>Dans cette exposition, initi\u00e9e en collaboration avec l\u2019Association Essaouira-Mogador, cette artiste plasticienne autodidacte aborde \u00ab\u00a0la figure humaine et notamment la pr\u00e9sentation de la femme dans la culture marocaine tellement riche et diversifi\u00e9e\u00a0\u00bb au grand plaisir des passionn\u00e9s des arts plastiques. \u00ab\u00a0A travers mes \u0153uvres, j\u2019ai peint la femme belle et \u00e9panouie, d\u2019une mani\u00e8re floue et [&hellip;]<\/p>\n","protected":false},"author":1788,"featured_media":0,"comment_status":"closed","ping_status":"closed","sticky":false,"template":"","format":"standard","meta":{"fifu_image_url":"http:\/\/www.mapmarrakech.ma\/map\/uploads\/2021\/06\/exposition-touijri-copier.jpg","fifu_image_alt":"Les \u0153uvres de l\u2019artiste-peintre Rachida Touijri sous les projecteurs","footnotes":""},"categories":[54,76],"tags":[],"class_list":["post-119501","post","type-post","status-publish","format-standard","hentry","category-maroc","category-regions"],"_links":{"self":[{"href":"https:\/\/linitiative.ca\/International\/wp-json\/wp\/v2\/posts\/119501","targetHints":{"allow":["GET"]}}],"collection":[{"href":"https:\/\/linitiative.ca\/International\/wp-json\/wp\/v2\/posts"}],"about":[{"href":"https:\/\/linitiative.ca\/International\/wp-json\/wp\/v2\/types\/post"}],"author":[{"embeddable":true,"href":"https:\/\/linitiative.ca\/International\/wp-json\/wp\/v2\/users\/1788"}],"replies":[{"embeddable":true,"href":"https:\/\/linitiative.ca\/International\/wp-json\/wp\/v2\/comments?post=119501"}],"version-history":[{"count":0,"href":"https:\/\/linitiative.ca\/International\/wp-json\/wp\/v2\/posts\/119501\/revisions"}],"wp:attachment":[{"href":"https:\/\/linitiative.ca\/International\/wp-json\/wp\/v2\/media?parent=119501"}],"wp:term":[{"taxonomy":"category","embeddable":true,"href":"https:\/\/linitiative.ca\/International\/wp-json\/wp\/v2\/categories?post=119501"},{"taxonomy":"post_tag","embeddable":true,"href":"https:\/\/linitiative.ca\/International\/wp-json\/wp\/v2\/tags?post=119501"}],"curies":[{"name":"wp","href":"https:\/\/api.w.org\/{rel}","templated":true}]}}