{"id":119503,"date":"2021-06-25T13:45:50","date_gmt":"2021-06-25T17:45:50","guid":{"rendered":"https:\/\/linitiative.ca\/International\/551-nouveaux-cas-plus-de-87-millions-completement-vaccines\/"},"modified":"2021-06-25T13:45:50","modified_gmt":"2021-06-25T17:45:50","slug":"551-nouveaux-cas-plus-de-87-millions-completement-vaccines","status":"publish","type":"post","link":"https:\/\/linitiative.ca\/International\/551-nouveaux-cas-plus-de-87-millions-completement-vaccines\/","title":{"rendered":"551 nouveaux cas, plus de 8,7 millions compl\u00e8tement vaccin\u00e9s"},"content":{"rendered":"<div>\n<div style=\"margin-bottom:20px;\"><img loading=\"lazy\" decoding=\"async\" width=\"750\" height=\"430\" src=\"https:\/\/linitiative.ca\/International\/wp-content\/uploads\/sites\/23\/2021\/06\/bilan-fr-10.jpg\" class=\"attachment-post-thumbnail size-post-thumbnail wp-post-image\" alt=\"\" srcset=\"https:\/\/linitiative.ca\/International\/wp-content\/uploads\/sites\/23\/2021\/06\/bilan-fr-10.jpg 750w, http:\/\/www.mapmarrakech.ma\/map\/uploads\/2021\/06\/bilan-fr-10-300x172.jpg 300w\" sizes=\"auto, (max-width: 750px) 100vw, 750px\"><\/div>\n<p>Le nombre de personnes ayant re\u00e7u la premi\u00e8re dose du vaccin est de 9.810.963, tandis que celui des personnes compl\u00e8tement vaccin\u00e9es (1\u00e8re et 2\u00e8me doses) s\u2019\u00e9l\u00e8ve \u00e0 8.794.393, a pr\u00e9cis\u00e9 le minist\u00e8re dans son bulletin quotidien sur la situation de la Covid-19.<\/p>\n<p>Les nouveaux cas d\u2019infection portent \u00e0 528.731 le nombre total des contaminations depuis le premier cas signal\u00e9 en mars 2020, alors que celui des personnes r\u00e9tablies est pass\u00e9 \u00e0 515.537, soit un taux de gu\u00e9rison de 97,5 %.<\/p>\n<p>Quant au nombre total des d\u00e9c\u00e8s, il est pass\u00e9 \u00e0 9.268 avec 3 nouveaux cas enregistr\u00e9s dans les r\u00e9gions de Tanger-T\u00e9touan-Al Hoceima (2) et Casablanca-Settat (1).<\/p>\n<p>Les nouveaux cas de contamination ont \u00e9t\u00e9 recens\u00e9s dans les r\u00e9gions de Casablanca-Settat (238), Rabat-Sal\u00e9-K\u00e9nitra (87), Marrakech-Safi (73), Souss-Massa (40), Tanger-T\u00e9touan-Al Hoceima (34), La\u00e2youne-Sakia El Hamra (32), F\u00e8s-Mekn\u00e8s (21), l\u2019Oriental (8), Dakhla-Oued Eddahab (7), B\u00e9ni Mellal- Kh\u00e9nifra (5), Dar\u00e2a-Tafilalet (5) et Guelmim-Oued Noun (1).<\/p>\n<p align=\"justify\">Les cas actifs sont au nombre de 3.926. Les cas s\u00e9v\u00e8res ou critiques ont atteint 207, dont 4 plac\u00e9s sous intubation et 104 sous ventilation non invasive.<\/p>\n<p>The post <a rel=\"nofollow\" href=\"http:\/\/www.mapmarrakech.ma\/fr\/551-nouveaux-cas-plus-de-87-millions-completement-vaccines\/\">551 nouveaux cas, plus de 8,7 millions compl\u00e8tement vaccin\u00e9s<\/a> appeared first on <a rel=\"nofollow\" href=\"http:\/\/www.mapmarrakech.ma\/fr\">MapMarrakech<\/a>.<\/p>\n<\/div>\n<p>Auteur: Meriem IGASS<br \/>\n<a href=\"http:\/\/www.mapmarrakech.ma\/fr\/551-nouveaux-cas-plus-de-87-millions-completement-vaccines\/\">Cliquez ici pour lire l&rsquo;article depuis sa source.<\/a><\/p>\n","protected":false},"excerpt":{"rendered":"<p>Le nombre de personnes ayant re\u00e7u la premi\u00e8re dose du vaccin est de 9.810.963, tandis que celui des personnes compl\u00e8tement vaccin\u00e9es (1\u00e8re et 2\u00e8me doses) s\u2019\u00e9l\u00e8ve \u00e0 8.794.393, a pr\u00e9cis\u00e9 le minist\u00e8re dans son bulletin quotidien sur la situation de la Covid-19. Les nouveaux cas d\u2019infection portent \u00e0 528.731 le nombre total des contaminations depuis [&hellip;]<\/p>\n","protected":false},"author":1788,"featured_media":0,"comment_status":"closed","ping_status":"closed","sticky":false,"template":"","format":"standard","meta":{"fifu_image_url":"http:\/\/www.mapmarrakech.ma\/map\/uploads\/2021\/06\/bilan-fr-10.jpg","fifu_image_alt":"551 nouveaux cas, plus de 8,7 millions compl\u00e8tement vaccin\u00e9s","footnotes":""},"categories":[54,76],"tags":[],"class_list":["post-119503","post","type-post","status-publish","format-standard","hentry","category-maroc","category-regions"],"_links":{"self":[{"href":"https:\/\/linitiative.ca\/International\/wp-json\/wp\/v2\/posts\/119503","targetHints":{"allow":["GET"]}}],"collection":[{"href":"https:\/\/linitiative.ca\/International\/wp-json\/wp\/v2\/posts"}],"about":[{"href":"https:\/\/linitiative.ca\/International\/wp-json\/wp\/v2\/types\/post"}],"author":[{"embeddable":true,"href":"https:\/\/linitiative.ca\/International\/wp-json\/wp\/v2\/users\/1788"}],"replies":[{"embeddable":true,"href":"https:\/\/linitiative.ca\/International\/wp-json\/wp\/v2\/comments?post=119503"}],"version-history":[{"count":0,"href":"https:\/\/linitiative.ca\/International\/wp-json\/wp\/v2\/posts\/119503\/revisions"}],"wp:attachment":[{"href":"https:\/\/linitiative.ca\/International\/wp-json\/wp\/v2\/media?parent=119503"}],"wp:term":[{"taxonomy":"category","embeddable":true,"href":"https:\/\/linitiative.ca\/International\/wp-json\/wp\/v2\/categories?post=119503"},{"taxonomy":"post_tag","embeddable":true,"href":"https:\/\/linitiative.ca\/International\/wp-json\/wp\/v2\/tags?post=119503"}],"curies":[{"name":"wp","href":"https:\/\/api.w.org\/{rel}","templated":true}]}}