{"id":119505,"date":"2021-06-24T14:31:52","date_gmt":"2021-06-24T18:31:52","guid":{"rendered":"https:\/\/linitiative.ca\/International\/lancement-des-consignes-sur-la-nutrition-maternelle-et-infantile\/"},"modified":"2021-06-24T14:31:52","modified_gmt":"2021-06-24T18:31:52","slug":"lancement-des-consignes-sur-la-nutrition-maternelle-et-infantile","status":"publish","type":"post","link":"https:\/\/linitiative.ca\/International\/lancement-des-consignes-sur-la-nutrition-maternelle-et-infantile\/","title":{"rendered":"Lancement des consignes sur la nutrition maternelle et infantile"},"content":{"rendered":"<div>\n<div style=\"margin-bottom:20px;\"><img loading=\"lazy\" decoding=\"async\" width=\"750\" height=\"430\" src=\"https:\/\/linitiative.ca\/International\/wp-content\/uploads\/sites\/23\/2021\/06\/MinistC3A8re-de-la-SantC3A9-Marocaine-M750C397430-MAP.jpg\" class=\"attachment-post-thumbnail size-post-thumbnail wp-post-image\" alt=\"\" srcset=\"https:\/\/linitiative.ca\/International\/wp-content\/uploads\/sites\/23\/2021\/06\/MinistC3A8re-de-la-SantC3A9-Marocaine-M750C397430-MAP.jpg 750w, http:\/\/www.mapoujda.ma\/map\/uploads\/2020\/03\/Minist\u00e8re-de-la-Sant\u00e9-Marocaine-M750\u00d7430-MAP-300x172.jpg 300w\" sizes=\"auto, (max-width: 750px) 100vw, 750px\"><\/div>\n<div>\n<p style=\"text-align: justify;\">Le minist\u00e8re de la Sant\u00e9 a lanc\u00e9 jeudi des consignes \u00e0 propos de la nutrition maternelle et infantile dans le cadre des journ\u00e9es de sensibilisation\u00a0sous le slogan \u00ab\u00a0Les 1000 premiers jours \u2026 La base d\u2019un avenir meilleur !\u00a0\u00bb.<\/p>\n<p style=\"text-align: justify;\">Dans un mini-dossier de presse, le minist\u00e8re met en avant certaines pratiques li\u00e9es \u00e0 la nutrition pour le b\u00e9n\u00e9fice de l\u2019enfant pendant les premi\u00e8res ann\u00e9es de son \u00e2ge.<\/p>\n<p style=\"text-align: justify;\">Avant la conception et pendant la grossesse, le minist\u00e8re appelle \u00e0 la prise en compte de l\u2019importance de l\u2019alimentation des parents, en veillant\u00a0\u00e0 un apport en Vitamine B9 suffisant et en pr\u00e9venant\u00a0les carences en fer, en acides gras om\u00e9ga 3 \u00e0 longue cha\u00eene (DHA), en vitamine D, en iode tout en respectant le calendrier national de suppl\u00e9mentation.<\/p>\n<p style=\"text-align: justify;\">En plus d\u2019avoir une alimentation vari\u00e9e riche, le minist\u00e8re recommande d\u2019\u00e9viter la prise de poids excessive et les grandes variations de poids.<\/p>\n<p style=\"text-align: justify;\">S\u2019agissant de l\u2019allaitement, il est important d\u2019accompagner le choix et la mise en place de l\u2019allaitement et d\u2019encourager son maintien dans la dur\u00e9e jusqu\u2019\u00e0 2 ans, pr\u00e9cise le minist\u00e8re, tout en mettant l\u2019accent sur l\u2019importance de la qualit\u00e9 et la diversit\u00e9 de l\u2019alimentation de la femme allaitante.<\/p>\n<p style=\"text-align: justify;\">Lors de la diversification alimentaire, le minist\u00e8re invite \u00e0 introduire la diversification alimentaire \u00e0 partir de 6 mois et pr\u00e9venir les allergies et les intol\u00e9rances au gluten, en introduisant progressivement les aliments de compl\u00e9ment.<\/p>\n<p style=\"text-align: justify;\">Dans le m\u00eame contexte, il est primordial de veiller \u00e0 couvrir les besoins sp\u00e9cifiques en certains nutriments dont le fer et acides gras essentiels (notamment en om\u00e9ga 3), de stimuler l\u2019apprentissage du go\u00fbt et des textures et de privil\u00e9gier une alimentation saine, affirme le minist\u00e8re.<\/p>\n<p style=\"text-align: justify;\">Chez les enfants en bas \u00e2ge, le minist\u00e8re recommande aussi \u00e0 d\u00e9velopper l\u2019acquisition des bonnes habitudes alimentaires, \u00e0 limiter la consommation du sel, sucre, et acides gras trans ainsi que les\u00a0alimentations riches en sel et en sucres, \u00e0 veiller \u00e0 la consommation de fruits et de l\u00e9gumes et\u00a0\u00e0 \u00e9viter un exc\u00e8s de prot\u00e9ines.<\/p>\n<p style=\"text-align: justify;\">\u00c0 cet \u00e9gard, il est \u00e9galement important de veiller au risque de carences en nutriments : fer, om\u00e9ga\u00a03, iode et vitamine D, d\u2019encourager l\u2019enfant \u00e0 pratiquer une activit\u00e9 physique r\u00e9guli\u00e8re et de suivre la r\u00e9gularit\u00e9 des courbes de croissance, selon le minist\u00e8re.<\/p>\n<\/div>\n<p>L\u2019article <a rel=\"nofollow\" href=\"http:\/\/www.mapoujda.ma\/fr\/lancement-des-consignes-sur-la-nutrition-maternelle-et-infantile\/\">Lancement des consignes sur la nutrition maternelle et infantile<\/a> est apparu en premier sur <a rel=\"nofollow\" href=\"http:\/\/www.mapoujda.ma\/fr\">MapOujda<\/a>.<\/p>\n<\/div>\n<p>Auteur: Soufiane ELAHMAR<br \/>\n<a href=\"http:\/\/www.mapoujda.ma\/fr\/lancement-des-consignes-sur-la-nutrition-maternelle-et-infantile\/\">Cliquez ici pour lire l&rsquo;article depuis sa source.<\/a><\/p>\n","protected":false},"excerpt":{"rendered":"<p>Le minist\u00e8re de la Sant\u00e9 a lanc\u00e9 jeudi des consignes \u00e0 propos de la nutrition maternelle et infantile dans le cadre des journ\u00e9es de sensibilisation\u00a0sous le slogan \u00ab\u00a0Les 1000 premiers jours \u2026 La base d\u2019un avenir meilleur !\u00a0\u00bb. Dans un mini-dossier de presse, le minist\u00e8re met en avant certaines pratiques li\u00e9es \u00e0 la nutrition pour [&hellip;]<\/p>\n","protected":false},"author":1788,"featured_media":0,"comment_status":"closed","ping_status":"closed","sticky":false,"template":"","format":"standard","meta":{"fifu_image_url":"http:\/\/www.mapoujda.ma\/map\/uploads\/2020\/03\/Minist\u00e8re-de-la-Sant\u00e9-Marocaine-M750\u00d7430-MAP.jpg","fifu_image_alt":"Lancement des consignes sur la nutrition maternelle et infantile","footnotes":""},"categories":[54,76],"tags":[],"class_list":["post-119505","post","type-post","status-publish","format-standard","hentry","category-maroc","category-regions"],"_links":{"self":[{"href":"https:\/\/linitiative.ca\/International\/wp-json\/wp\/v2\/posts\/119505","targetHints":{"allow":["GET"]}}],"collection":[{"href":"https:\/\/linitiative.ca\/International\/wp-json\/wp\/v2\/posts"}],"about":[{"href":"https:\/\/linitiative.ca\/International\/wp-json\/wp\/v2\/types\/post"}],"author":[{"embeddable":true,"href":"https:\/\/linitiative.ca\/International\/wp-json\/wp\/v2\/users\/1788"}],"replies":[{"embeddable":true,"href":"https:\/\/linitiative.ca\/International\/wp-json\/wp\/v2\/comments?post=119505"}],"version-history":[{"count":0,"href":"https:\/\/linitiative.ca\/International\/wp-json\/wp\/v2\/posts\/119505\/revisions"}],"wp:attachment":[{"href":"https:\/\/linitiative.ca\/International\/wp-json\/wp\/v2\/media?parent=119505"}],"wp:term":[{"taxonomy":"category","embeddable":true,"href":"https:\/\/linitiative.ca\/International\/wp-json\/wp\/v2\/categories?post=119505"},{"taxonomy":"post_tag","embeddable":true,"href":"https:\/\/linitiative.ca\/International\/wp-json\/wp\/v2\/tags?post=119505"}],"curies":[{"name":"wp","href":"https:\/\/api.w.org\/{rel}","templated":true}]}}