{"id":119507,"date":"2021-06-24T18:08:27","date_gmt":"2021-06-24T22:08:27","guid":{"rendered":"https:\/\/linitiative.ca\/International\/adoption-dun-projet-de-loi-pour-soumettre-les-cadres-des-aref-au-rpc\/"},"modified":"2021-06-24T18:08:27","modified_gmt":"2021-06-24T22:08:27","slug":"adoption-dun-projet-de-loi-pour-soumettre-les-cadres-des-aref-au-rpc","status":"publish","type":"post","link":"https:\/\/linitiative.ca\/International\/adoption-dun-projet-de-loi-pour-soumettre-les-cadres-des-aref-au-rpc\/","title":{"rendered":"Adoption d\u2019un projet de loi pour soumettre les cadres des AREF au RPC"},"content":{"rendered":"<div>\n<div style=\"margin-bottom:20px;\"><img loading=\"lazy\" decoding=\"async\" width=\"750\" height=\"430\" src=\"https:\/\/linitiative.ca\/International\/wp-content\/uploads\/sites\/23\/2021\/06\/RC3A9union-du-conseil-de-gouvernement-750C397430-MAP.jpg\" class=\"attachment-post-thumbnail size-post-thumbnail wp-post-image\" alt=\"\" srcset=\"https:\/\/linitiative.ca\/International\/wp-content\/uploads\/sites\/23\/2021\/06\/RC3A9union-du-conseil-de-gouvernement-750C397430-MAP.jpg 750w, http:\/\/www.mapoujda.ma\/map\/uploads\/2021\/06\/R\u00e9union-du-conseil-de-gouvernement-750\u00d7430-MAP-300x172.jpg 300w\" sizes=\"auto, (max-width: 750px) 100vw, 750px\"><\/div>\n<p style=\"text-align: justify;\">Le Conseil de gouvernement, r\u00e9uni jeudi \u00e0 Rabat, a adopt\u00e9 le projet de loi 01.21 visant \u00e0 soumettre les cadres des Acad\u00e9mies r\u00e9gionales d\u2019\u00e9ducation et de formation (AREF) au r\u00e9gime des pensions civiles (RPC) cr\u00e9\u00e9 en vertu de la loi 011.71.<\/p>\n<p style=\"text-align: justify;\">Ce projet de loi a pour objectif de soumettre ces cadres, \u00e0 compter de la date de publication de cette loi au bulletin officiel (BO), au RPC qui a \u00e9t\u00e9 cr\u00e9\u00e9 en vertu de la loi 011.71 en date du 30 d\u00e9cembre 1971, tel qu\u2019il a \u00e9t\u00e9 modifi\u00e9 et compl\u00e9t\u00e9, indique un communiqu\u00e9 publi\u00e9 \u00e0 l\u2019issue du Conseil de gouvernement, notant que ces cadres sont actuellement soumis au r\u00e9gime collectif d\u2019allocation de retraite.<\/p>\n<p style=\"text-align: justify;\">Ledit projet de loi est de nature \u00e0 garantir le principe de similitude entre les cadres de l\u2019AREF et le corps professoral qui est soumis au statut des fonctionnaires du minist\u00e8re de l\u2019Education nationale, ce qui permettra d\u2019offrir \u00e0 ces cadres une stabilit\u00e9 professionnelle \u00e0 m\u00eame de remplir leurs missions, ainsi que de renforcer leur place au sein du chantier de la r\u00e9forme du syst\u00e8me de l\u2019\u00e9ducation et de mettre en oeuvre la loi-cadre 51.17.<\/p>\n<p>L\u2019article <a rel=\"nofollow\" href=\"http:\/\/www.mapoujda.ma\/fr\/adoption-dun-projet-de-loi-pour-soumettre-les-cadres-des-aref-au-rpc\/\">Adoption d\u2019un projet de loi pour soumettre les cadres des AREF au RPC<\/a> est apparu en premier sur <a rel=\"nofollow\" href=\"http:\/\/www.mapoujda.ma\/fr\">MapOujda<\/a>.<\/p>\n<\/div>\n<p>Auteur: Soufiane ELAHMAR<br \/>\n<a href=\"http:\/\/www.mapoujda.ma\/fr\/adoption-dun-projet-de-loi-pour-soumettre-les-cadres-des-aref-au-rpc\/\">Cliquez ici pour lire l&rsquo;article depuis sa source.<\/a><\/p>\n","protected":false},"excerpt":{"rendered":"<p>Le Conseil de gouvernement, r\u00e9uni jeudi \u00e0 Rabat, a adopt\u00e9 le projet de loi 01.21 visant \u00e0 soumettre les cadres des Acad\u00e9mies r\u00e9gionales d\u2019\u00e9ducation et de formation (AREF) au r\u00e9gime des pensions civiles (RPC) cr\u00e9\u00e9 en vertu de la loi 011.71. Ce projet de loi a pour objectif de soumettre ces cadres, \u00e0 compter de [&hellip;]<\/p>\n","protected":false},"author":1788,"featured_media":0,"comment_status":"closed","ping_status":"closed","sticky":false,"template":"","format":"standard","meta":{"fifu_image_url":"http:\/\/www.mapoujda.ma\/map\/uploads\/2021\/06\/R\u00e9union-du-conseil-de-gouvernement-750\u00d7430-MAP.jpg","fifu_image_alt":"Adoption d\u2019un projet de loi pour soumettre les cadres des AREF au RPC","footnotes":""},"categories":[54,76],"tags":[],"class_list":["post-119507","post","type-post","status-publish","format-standard","hentry","category-maroc","category-regions"],"_links":{"self":[{"href":"https:\/\/linitiative.ca\/International\/wp-json\/wp\/v2\/posts\/119507","targetHints":{"allow":["GET"]}}],"collection":[{"href":"https:\/\/linitiative.ca\/International\/wp-json\/wp\/v2\/posts"}],"about":[{"href":"https:\/\/linitiative.ca\/International\/wp-json\/wp\/v2\/types\/post"}],"author":[{"embeddable":true,"href":"https:\/\/linitiative.ca\/International\/wp-json\/wp\/v2\/users\/1788"}],"replies":[{"embeddable":true,"href":"https:\/\/linitiative.ca\/International\/wp-json\/wp\/v2\/comments?post=119507"}],"version-history":[{"count":0,"href":"https:\/\/linitiative.ca\/International\/wp-json\/wp\/v2\/posts\/119507\/revisions"}],"wp:attachment":[{"href":"https:\/\/linitiative.ca\/International\/wp-json\/wp\/v2\/media?parent=119507"}],"wp:term":[{"taxonomy":"category","embeddable":true,"href":"https:\/\/linitiative.ca\/International\/wp-json\/wp\/v2\/categories?post=119507"},{"taxonomy":"post_tag","embeddable":true,"href":"https:\/\/linitiative.ca\/International\/wp-json\/wp\/v2\/tags?post=119507"}],"curies":[{"name":"wp","href":"https:\/\/api.w.org\/{rel}","templated":true}]}}