{"id":119509,"date":"2021-06-24T18:22:31","date_gmt":"2021-06-24T22:22:31","guid":{"rendered":"https:\/\/linitiative.ca\/International\/nador-le-championnat-du-monde-de-beach-korfball-reporte-a-2022\/"},"modified":"2021-06-24T18:22:31","modified_gmt":"2021-06-24T22:22:31","slug":"nador-le-championnat-du-monde-de-beach-korfball-reporte-a-2022","status":"publish","type":"post","link":"https:\/\/linitiative.ca\/International\/nador-le-championnat-du-monde-de-beach-korfball-reporte-a-2022\/","title":{"rendered":"Nador: Le championnat du monde de Beach Korfball report\u00e9 \u00e0 2022"},"content":{"rendered":"<div>\n<div style=\"margin-bottom:20px;\"><img loading=\"lazy\" decoding=\"async\" width=\"750\" height=\"430\" src=\"https:\/\/linitiative.ca\/International\/wp-content\/uploads\/sites\/23\/2021\/06\/Un-match-de-Beach-Korfball-750C397430-DR.jpg\" class=\"attachment-post-thumbnail size-post-thumbnail wp-post-image\" alt=\"\" srcset=\"https:\/\/linitiative.ca\/International\/wp-content\/uploads\/sites\/23\/2021\/06\/Un-match-de-Beach-Korfball-750C397430-DR.jpg 750w, http:\/\/www.mapoujda.ma\/map\/uploads\/2021\/06\/Un-match-de-Beach-Korfball-750\u00d7430-DR-300x172.jpg 300w\" sizes=\"auto, (max-width: 750px) 100vw, 750px\"><\/div>\n<div>\n<p style=\"text-align: justify;\">La premi\u00e8re \u00e9dition du championnat du monde de Beach Korfball, initialement pr\u00e9vue les 10 et 11 septembre prochain \u00e0 Nador, a \u00e9t\u00e9 report\u00e9e \u00e0 2022, a indiqu\u00e9 la F\u00e9d\u00e9ration internationale de Korfball (IKF).<\/p>\n<p style=\"text-align: justify;\">Cette d\u00e9cision est due \u00e0 la situation li\u00e9e \u00e0 la pand\u00e9mie de la Covid-19, qui entrave la pr\u00e9paration de cet \u00e9v\u00e8nement, a expliqu\u00e9 l\u2019IKF sur son site web.<\/p>\n<p style=\"text-align: justify;\">La ville de Nador a \u00e9t\u00e9 choisie pour accueillir cet \u00e9v\u00e8nement sportif international sur la base du dossier de candidature pr\u00e9sent\u00e9 par l\u2019Association marocaine de Korfball et l\u2019Association des jeunes m\u00e9diterran\u00e9ens.<\/p>\n<p style=\"text-align: justify;\">Le Korfball est un sport collectif proche du basket-ball invent\u00e9 aux Pays-Bas. Il se distingue par sa mixit\u00e9, puisqu\u2019il oppose des \u00e9quipes de huit joueurs constitu\u00e9es chacune \u00e0 part \u00e9gale d\u2019hommes et de femmes, ainsi que par l\u2019absence de contact physique, et donc de violence.<\/p>\n<\/div>\n<p>L\u2019article <a rel=\"nofollow\" href=\"http:\/\/www.mapoujda.ma\/fr\/nador-le-championnat-du-monde-de-beach-korfball-reporte-a-2022\/\">Nador: Le championnat du monde de Beach Korfball report\u00e9 \u00e0 2022<\/a> est apparu en premier sur <a rel=\"nofollow\" href=\"http:\/\/www.mapoujda.ma\/fr\">MapOujda<\/a>.<\/p>\n<\/div>\n<p>Auteur: Soufiane ELAHMAR<br \/>\n<a href=\"http:\/\/www.mapoujda.ma\/fr\/nador-le-championnat-du-monde-de-beach-korfball-reporte-a-2022\/\">Cliquez ici pour lire l&rsquo;article depuis sa source.<\/a><\/p>\n","protected":false},"excerpt":{"rendered":"<p>La premi\u00e8re \u00e9dition du championnat du monde de Beach Korfball, initialement pr\u00e9vue les 10 et 11 septembre prochain \u00e0 Nador, a \u00e9t\u00e9 report\u00e9e \u00e0 2022, a indiqu\u00e9 la F\u00e9d\u00e9ration internationale de Korfball (IKF). Cette d\u00e9cision est due \u00e0 la situation li\u00e9e \u00e0 la pand\u00e9mie de la Covid-19, qui entrave la pr\u00e9paration de cet \u00e9v\u00e8nement, a [&hellip;]<\/p>\n","protected":false},"author":1788,"featured_media":0,"comment_status":"closed","ping_status":"closed","sticky":false,"template":"","format":"standard","meta":{"fifu_image_url":"http:\/\/www.mapoujda.ma\/map\/uploads\/2021\/06\/Un-match-de-Beach-Korfball-750\u00d7430-DR.jpg","fifu_image_alt":"Nador: Le championnat du monde de Beach Korfball report\u00e9 \u00e0 2022","footnotes":""},"categories":[54,76],"tags":[],"class_list":["post-119509","post","type-post","status-publish","format-standard","hentry","category-maroc","category-regions"],"_links":{"self":[{"href":"https:\/\/linitiative.ca\/International\/wp-json\/wp\/v2\/posts\/119509","targetHints":{"allow":["GET"]}}],"collection":[{"href":"https:\/\/linitiative.ca\/International\/wp-json\/wp\/v2\/posts"}],"about":[{"href":"https:\/\/linitiative.ca\/International\/wp-json\/wp\/v2\/types\/post"}],"author":[{"embeddable":true,"href":"https:\/\/linitiative.ca\/International\/wp-json\/wp\/v2\/users\/1788"}],"replies":[{"embeddable":true,"href":"https:\/\/linitiative.ca\/International\/wp-json\/wp\/v2\/comments?post=119509"}],"version-history":[{"count":0,"href":"https:\/\/linitiative.ca\/International\/wp-json\/wp\/v2\/posts\/119509\/revisions"}],"wp:attachment":[{"href":"https:\/\/linitiative.ca\/International\/wp-json\/wp\/v2\/media?parent=119509"}],"wp:term":[{"taxonomy":"category","embeddable":true,"href":"https:\/\/linitiative.ca\/International\/wp-json\/wp\/v2\/categories?post=119509"},{"taxonomy":"post_tag","embeddable":true,"href":"https:\/\/linitiative.ca\/International\/wp-json\/wp\/v2\/tags?post=119509"}],"curies":[{"name":"wp","href":"https:\/\/api.w.org\/{rel}","templated":true}]}}