{"id":119511,"date":"2021-06-25T10:11:09","date_gmt":"2021-06-25T14:11:09","guid":{"rendered":"https:\/\/linitiative.ca\/International\/la-fondation-mohammed-vi-pour-la-protection-de-lenvironnement-se-mobilise-pour-lutter-contre-la-pollution-des-mers\/"},"modified":"2021-06-25T10:11:09","modified_gmt":"2021-06-25T14:11:09","slug":"la-fondation-mohammed-vi-pour-la-protection-de-lenvironnement-se-mobilise-pour-lutter-contre-la-pollution-des-mers","status":"publish","type":"post","link":"https:\/\/linitiative.ca\/International\/la-fondation-mohammed-vi-pour-la-protection-de-lenvironnement-se-mobilise-pour-lutter-contre-la-pollution-des-mers\/","title":{"rendered":"La Fondation Mohammed VI pour la Protection de l\u2019Environnement se mobilise pour lutter contre la pollution des mers"},"content":{"rendered":"<div>\n<div style=\"margin-bottom:20px;\"><img loading=\"lazy\" decoding=\"async\" width=\"750\" height=\"430\" src=\"https:\/\/linitiative.ca\/International\/wp-content\/uploads\/sites\/23\/2021\/06\/Logo-De-la-Fondation-Mohammed-VI-pour-lenvironnement-750C397430-DR.jpg\" class=\"attachment-post-thumbnail size-post-thumbnail wp-post-image\" alt=\"\" srcset=\"https:\/\/linitiative.ca\/International\/wp-content\/uploads\/sites\/23\/2021\/06\/Logo-De-la-Fondation-Mohammed-VI-pour-lenvironnement-750C397430-DR.jpg 750w, http:\/\/www.mapoujda.ma\/map\/uploads\/2021\/06\/Logo-De-la-Fondation-Mohammed-VI-pour-lenvironnement-750\u00d7430-DR-300x172.jpg 300w\" sizes=\"auto, (max-width: 750px) 100vw, 750px\"><\/div>\n<div>\n<p style=\"text-align: justify;\">La Fondation Mohammed VI pour la Protection de l\u2019Environnement, pr\u00e9sid\u00e9e par Son Altesse Royale la Princesse Lalla Hasnaa, se mobilise de nouveau pour lutter contre la pollution des mers et des oc\u00e9ans par les d\u00e9chets plastiques.<\/p>\n<p style=\"text-align: justify;\">Dans ce sens, la Fondation poursuivra cet \u00e9t\u00e9 son op\u00e9ration #b7arblaplastic\u00a0\u00bb lanc\u00e9e en 2019 et qui a \u00e9t\u00e9 un v\u00e9ritable succ\u00e8s gr\u00e2ce \u00e0 l\u2019engagement des partenaires et \u00e0 la motivation des participants.<\/p>\n<p style=\"text-align: justify;\">L\u2019op\u00e9ration a re\u00e7u en 2020 la distinction de la meilleure bonne pratique d\u2019\u00e9ducation \u00e0 l\u2019environnement sur les 4425 plages labellis\u00e9es Pavillon bleu dans le monde, indique la Fondation dans un communiqu\u00e9.<\/p>\n<p style=\"text-align: justify;\">Alors que les Marocains ont retrouv\u00e9 le chemin des plages dans le respect des mesures sanitaires encore en vigueur, comme la distanciation sociale, les gestes barri\u00e8res, le port du masque, la Fondation compte axer sa campagne sur les 105 plages de son programme Plages Propres.<\/p>\n<p style=\"text-align: justify;\">Pour l\u2019\u00e9t\u00e9 2021, cette op\u00e9ration de sensibilisation reprendra les trois temps forts de la premi\u00e8re \u00e9dition, \u00e0 savoir la mobilisation d\u2019un million de jeunes sur la p\u00e9riode estivale et le d\u00e9ploiement de 10.000 actions de sensibilisation et d\u2019\u00e9ducation au d\u00e9veloppement durable aupr\u00e8s d\u2019eux.<\/p>\n<p style=\"text-align: justify;\">L\u2019op\u00e9ration pr\u00e9voit aussi la r\u00e9cup\u00e9ration de 10 tonnes de plastique par plage pendant la p\u00e9riode estivale, pr\u00e9cise la Fondation, qui r\u00e9it\u00e8re sa mobilisation pour les plages, le littoral, les mers et les oc\u00e9ans, dont le r\u00f4le pour la pr\u00e9servation du climat est capital.<\/p>\n<p style=\"text-align: justify;\">Pour ce faire, des associations de plong\u00e9e s\u2019activeront pour sensibiliser les jeunes des programmes Eco-Ecoles, Jeunes Reporters pour l\u2019Environnement et du R\u00e9seau des Universit\u00e9s vertes aux d\u00e9chets plastiques dans les fonds marins. Des jeux concours et des d\u00e9fis virtuels mobiliseront les jeunes autour de l\u2019op\u00e9ration #b7arblaplastic\u201d.<\/p>\n<p style=\"text-align: justify;\">Cette ann\u00e9e, les d\u00e9chets plastiques collect\u00e9s sur les plages seront recycl\u00e9s dans des unit\u00e9s de recyclage qui se sont port\u00e9es volontaires pour cette op\u00e9ration.<\/p>\n<p style=\"text-align: justify;\">L\u2019op\u00e9ration #b7arblaplastic, action remarquable de sensibilisation, vient d\u2019\u00eatre inscrite \u00e0 la D\u00e9cennie pour les Sciences oc\u00e9aniques au service du D\u00e9veloppement Durable (2021-2030) lanc\u00e9e par la Commission Oc\u00e9anographique Intergouvernementale (COI) de l\u2019UNESCO et que la Fondation a rejoint comme membre fondateur de l\u2019alliance qui la pilote dans le monde, conclut la m\u00eame source.<\/p>\n<\/div>\n<p>L\u2019article <a rel=\"nofollow\" href=\"http:\/\/www.mapoujda.ma\/fr\/la-fondation-mohammed-vi-pour-la-protection-de-lenvironnement-se-mobilise-pour-lutter-contre-la-pollution-des-mers\/\">La Fondation Mohammed VI pour la Protection de l\u2019Environnement se mobilise pour lutter contre la pollution des mers<\/a> est apparu en premier sur <a rel=\"nofollow\" href=\"http:\/\/www.mapoujda.ma\/fr\">MapOujda<\/a>.<\/p>\n<\/div>\n<p>Auteur: Soufiane ELAHMAR<br \/>\n<a href=\"http:\/\/www.mapoujda.ma\/fr\/la-fondation-mohammed-vi-pour-la-protection-de-lenvironnement-se-mobilise-pour-lutter-contre-la-pollution-des-mers\/\">Cliquez ici pour lire l&rsquo;article depuis sa source.<\/a><\/p>\n","protected":false},"excerpt":{"rendered":"<p>La Fondation Mohammed VI pour la Protection de l\u2019Environnement, pr\u00e9sid\u00e9e par Son Altesse Royale la Princesse Lalla Hasnaa, se mobilise de nouveau pour lutter contre la pollution des mers et des oc\u00e9ans par les d\u00e9chets plastiques. Dans ce sens, la Fondation poursuivra cet \u00e9t\u00e9 son op\u00e9ration #b7arblaplastic\u00a0\u00bb lanc\u00e9e en 2019 et qui a \u00e9t\u00e9 un [&hellip;]<\/p>\n","protected":false},"author":1788,"featured_media":0,"comment_status":"closed","ping_status":"closed","sticky":false,"template":"","format":"standard","meta":{"fifu_image_url":"http:\/\/www.mapoujda.ma\/map\/uploads\/2021\/06\/Logo-De-la-Fondation-Mohammed-VI-pour-lenvironnement-750\u00d7430-DR.jpg","fifu_image_alt":"La Fondation Mohammed VI pour la Protection de l\u2019Environnement se mobilise pour lutter contre la pollution des mers","footnotes":""},"categories":[54,76],"tags":[],"class_list":["post-119511","post","type-post","status-publish","format-standard","hentry","category-maroc","category-regions"],"_links":{"self":[{"href":"https:\/\/linitiative.ca\/International\/wp-json\/wp\/v2\/posts\/119511","targetHints":{"allow":["GET"]}}],"collection":[{"href":"https:\/\/linitiative.ca\/International\/wp-json\/wp\/v2\/posts"}],"about":[{"href":"https:\/\/linitiative.ca\/International\/wp-json\/wp\/v2\/types\/post"}],"author":[{"embeddable":true,"href":"https:\/\/linitiative.ca\/International\/wp-json\/wp\/v2\/users\/1788"}],"replies":[{"embeddable":true,"href":"https:\/\/linitiative.ca\/International\/wp-json\/wp\/v2\/comments?post=119511"}],"version-history":[{"count":0,"href":"https:\/\/linitiative.ca\/International\/wp-json\/wp\/v2\/posts\/119511\/revisions"}],"wp:attachment":[{"href":"https:\/\/linitiative.ca\/International\/wp-json\/wp\/v2\/media?parent=119511"}],"wp:term":[{"taxonomy":"category","embeddable":true,"href":"https:\/\/linitiative.ca\/International\/wp-json\/wp\/v2\/categories?post=119511"},{"taxonomy":"post_tag","embeddable":true,"href":"https:\/\/linitiative.ca\/International\/wp-json\/wp\/v2\/tags?post=119511"}],"curies":[{"name":"wp","href":"https:\/\/api.w.org\/{rel}","templated":true}]}}