{"id":119513,"date":"2021-06-25T12:49:54","date_gmt":"2021-06-25T16:49:54","guid":{"rendered":"https:\/\/linitiative.ca\/International\/le-ministere-de-la-sante-aspire-a-une-gestion-optimale-des-rh\/"},"modified":"2021-06-25T12:49:54","modified_gmt":"2021-06-25T16:49:54","slug":"le-ministere-de-la-sante-aspire-a-une-gestion-optimale-des-rh","status":"publish","type":"post","link":"https:\/\/linitiative.ca\/International\/le-ministere-de-la-sante-aspire-a-une-gestion-optimale-des-rh\/","title":{"rendered":"Le minist\u00e8re de la Sant\u00e9 aspire \u00e0 une gestion optimale des RH"},"content":{"rendered":"<div>\n<div style=\"margin-bottom:20px;\"><img loading=\"lazy\" decoding=\"async\" width=\"750\" height=\"430\" src=\"https:\/\/linitiative.ca\/International\/wp-content\/uploads\/sites\/23\/2021\/06\/MinistC3A8re-de-la-santC3A8-M-750x430-1.jpg\" class=\"attachment-post-thumbnail size-post-thumbnail wp-post-image\" alt=\"\" srcset=\"https:\/\/linitiative.ca\/International\/wp-content\/uploads\/sites\/23\/2021\/06\/MinistC3A8re-de-la-santC3A8-M-750x430-1.jpg 750w, http:\/\/www.mapoujda.ma\/map\/uploads\/2020\/03\/Minist\u00e8re-de-la-sant\u00e8-M-750x430-300x172.jpg 300w\" sizes=\"auto, (max-width: 750px) 100vw, 750px\"><\/div>\n<p style=\"text-align: justify;\">Le minist\u00e8re de la Sant\u00e9 aspire \u00e0 garantir une gestion optimale des ressources humaines, afin d\u2019am\u00e9liorer la qualit\u00e9 de ses services et de r\u00e9pondre aux d\u00e9fis li\u00e9s \u00e0 la conjoncture actuelle, a affirm\u00e9, vendredi \u00e0 Skhirat, le directeur des ressources humaines au minist\u00e8re, Adil Zniber.<\/p>\n<p style=\"text-align: justify;\">Les ressources humaines du d\u00e9partement de la sant\u00e9, qui ont r\u00e9ussi \u00e0 r\u00e9pondre aux enjeux relatifs \u00e0 ce contexte particulier, sont amen\u00e9es aujourd\u2019hui \u00e0 relever les diff\u00e9rents d\u00e9fis li\u00e9s \u00e0 la mise en \u0153uvre du chantier de la couverture m\u00e9dicale, d\u2019o\u00f9 la n\u00e9cessit\u00e9 de les d\u00e9ployer et de les accompagner d\u2019une mani\u00e8re efficiente, a soulign\u00e9 M. Zniber qui s\u2019exprimait \u00e0 l\u2019ouverture de la rencontre nationale sur la gestion des ressources humaines du d\u00e9partement de la Sant\u00e9.<\/p>\n<p style=\"text-align: justify;\">Le manque enregistr\u00e9 au niveau de ces ressources incite \u00e0 la prise de plusieurs mesures et solutions de court et de moyen termes afin de garantir l\u2019efficacit\u00e9 du syst\u00e8me m\u00e9dical, a-t-il relev\u00e9.<\/p>\n<p style=\"text-align: justify;\">Cette rencontre est une occasion de r\u00e9pondre aux probl\u00e9matiques li\u00e9es \u00e0 la formation, la motivation et \u00e0 la gestion sectorielle de ces ressources selon les moyens et les besoins de chaque r\u00e9gion, a indiqu\u00e9 le directeur.<\/p>\n<p style=\"text-align: justify;\">Selon M. Zniber, cet \u00e9v\u00e9nement se veut \u00e9galement une opportunit\u00e9 pour mettre en \u0153uvre l\u2019approche participative men\u00e9e par le minist\u00e8re et enrichir le d\u00e9bat en la mati\u00e8re dans le but d\u2019\u00e9laborer une feuille de route au titre des deux prochaines ann\u00e9es.<\/p>\n<p style=\"text-align: justify;\">Le chantier d\u2019optimisation pr\u00e9voit \u00e9galement la mise en place des moyens de faciliter et de num\u00e9riser les proc\u00e9dures relatives \u00e0 la gestion des ressources humaines dans le but de garantir une coordination fluide entre les diff\u00e9rentes unit\u00e9s administratives.<\/p>\n<p style=\"text-align: justify;\">L\u2019optimisation de la gestion r\u00e9gionale du corps m\u00e9dical via le renforcement des services d\u00e9centralis\u00e9s a \u00e9t\u00e9 aussi abord\u00e9e.<\/p>\n<p style=\"text-align: justify;\">A cette occasion, il a \u00e9t\u00e9 appel\u00e9 \u00e0 entreprendre nombre de mesures \u00e0 caract\u00e8re urgent, en l\u2019occurrence le soutien des services concern\u00e9s et la mise en place de partenariats entre les directions r\u00e9gionales de sant\u00e9, les instituts de formations et les universit\u00e9s.<\/p>\n<p style=\"text-align: justify;\">La rencontre sera marqu\u00e9e par la 7\u00e8me r\u00e9union du comit\u00e9 central de coordination de la formation aux niveaux des instituts sup\u00e9rieurs des professions infirmi\u00e8res et des techniques de la sant\u00e9, et ce dans le but d\u2019assurer des ressources humaines qualifi\u00e9es et capables de fournir des soins de sant\u00e9 de qualit\u00e9 dans toutes les r\u00e9gions du Royaume.<\/p>\n<p style=\"text-align: justify;\">La rencontre est l\u2019occasion d\u2019\u00e9voquer les principaux projets et r\u00e9formes que le minist\u00e8re de la Sant\u00e9 pr\u00e9voit d\u2019entreprendre, notamment le projet de r\u00e9habilitation du syst\u00e8me de formation qui se base sur l\u2019augmentation de la capacit\u00e9 de formation des institutions affili\u00e9es.<\/p>\n<p style=\"text-align: justify;\">L\u2019exp\u00e9rience du d\u00e9partement dans le cadre de la r\u00e9gionalisation avanc\u00e9e sera en outre d\u00e9battue afin d\u2019\u00e9valuer et d\u2019explorer les possibilit\u00e9s et les pistes d\u2019am\u00e9liorations.<\/p>\n<p style=\"text-align: justify;\">Des recommandations seront pr\u00e9vues \u00e0 la fin des travaux dans le but d\u2019\u00e9laborer un plan strat\u00e9gique de d\u00e9veloppement des ressources humaines au titre de la p\u00e9riode 2021-2022, qui r\u00e9pondra aux nouveaux d\u00e9fis.<\/p>\n<p>L\u2019article <a rel=\"nofollow\" href=\"http:\/\/www.mapoujda.ma\/fr\/le-ministere-de-la-sante-aspire-a-une-gestion-optimale-des-rh\/\">Le minist\u00e8re de la Sant\u00e9 aspire \u00e0 une gestion optimale des RH<\/a> est apparu en premier sur <a rel=\"nofollow\" href=\"http:\/\/www.mapoujda.ma\/fr\">MapOujda<\/a>.<\/p>\n<\/div>\n<p>Auteur: Soufiane ELAHMAR<br \/>\n<a href=\"http:\/\/www.mapoujda.ma\/fr\/le-ministere-de-la-sante-aspire-a-une-gestion-optimale-des-rh\/\">Cliquez ici pour lire l&rsquo;article depuis sa source.<\/a><\/p>\n","protected":false},"excerpt":{"rendered":"<p>Le minist\u00e8re de la Sant\u00e9 aspire \u00e0 garantir une gestion optimale des ressources humaines, afin d\u2019am\u00e9liorer la qualit\u00e9 de ses services et de r\u00e9pondre aux d\u00e9fis li\u00e9s \u00e0 la conjoncture actuelle, a affirm\u00e9, vendredi \u00e0 Skhirat, le directeur des ressources humaines au minist\u00e8re, Adil Zniber. Les ressources humaines du d\u00e9partement de la sant\u00e9, qui ont [&hellip;]<\/p>\n","protected":false},"author":1788,"featured_media":0,"comment_status":"closed","ping_status":"closed","sticky":false,"template":"","format":"standard","meta":{"fifu_image_url":"http:\/\/www.mapoujda.ma\/map\/uploads\/2020\/03\/Minist\u00e8re-de-la-sant\u00e8-M-750x430.jpg","fifu_image_alt":"Le minist\u00e8re de la Sant\u00e9 aspire \u00e0 une gestion optimale des RH","footnotes":""},"categories":[54,76],"tags":[],"class_list":["post-119513","post","type-post","status-publish","format-standard","hentry","category-maroc","category-regions"],"_links":{"self":[{"href":"https:\/\/linitiative.ca\/International\/wp-json\/wp\/v2\/posts\/119513","targetHints":{"allow":["GET"]}}],"collection":[{"href":"https:\/\/linitiative.ca\/International\/wp-json\/wp\/v2\/posts"}],"about":[{"href":"https:\/\/linitiative.ca\/International\/wp-json\/wp\/v2\/types\/post"}],"author":[{"embeddable":true,"href":"https:\/\/linitiative.ca\/International\/wp-json\/wp\/v2\/users\/1788"}],"replies":[{"embeddable":true,"href":"https:\/\/linitiative.ca\/International\/wp-json\/wp\/v2\/comments?post=119513"}],"version-history":[{"count":0,"href":"https:\/\/linitiative.ca\/International\/wp-json\/wp\/v2\/posts\/119513\/revisions"}],"wp:attachment":[{"href":"https:\/\/linitiative.ca\/International\/wp-json\/wp\/v2\/media?parent=119513"}],"wp:term":[{"taxonomy":"category","embeddable":true,"href":"https:\/\/linitiative.ca\/International\/wp-json\/wp\/v2\/categories?post=119513"},{"taxonomy":"post_tag","embeddable":true,"href":"https:\/\/linitiative.ca\/International\/wp-json\/wp\/v2\/tags?post=119513"}],"curies":[{"name":"wp","href":"https:\/\/api.w.org\/{rel}","templated":true}]}}