{"id":119516,"date":"2021-06-25T12:06:28","date_gmt":"2021-06-25T16:06:28","guid":{"rendered":"https:\/\/linitiative.ca\/International\/beko-presente-les-appareils-eco-performants\/"},"modified":"2021-06-25T12:06:28","modified_gmt":"2021-06-25T16:06:28","slug":"beko-presente-les-appareils-eco-performants","status":"publish","type":"post","link":"https:\/\/linitiative.ca\/International\/beko-presente-les-appareils-eco-performants\/","title":{"rendered":"Beko pr\u00e9sente les appareils Eco performants"},"content":{"rendered":"<div>\n<div class=\"field field-name-body field-type-text-with-summary field-label-hidden\">\n<div class=\"field-items\">\n<div class=\"field-item even\" property=\"content:encoded\">\n<p class=\"rtejustify\">Beko, premi\u00e8re marque europ\u00e9enne d&rsquo;appareils \u00e9lectrom\u00e9nagers, a lanc\u00e9, jeudi, une vitrine virtuelle des ses appareils \u00e9co performants dans le but de sensibiliser le public sur la mission de durabilit\u00e9 chez la marque.<\/p>\n<p class=\"rtejustify\">\u00c0 l&rsquo;occasion de ce lancement Beko a fait part d&rsquo;une enqu\u00eate men\u00e9e dans toute l&rsquo;Europe sur les attitudes et les pr\u00e9occupations des gens en mati\u00e8re de durabilit\u00e9, et a d\u00e9voil\u00e9 sept produits responsables, indique\u00a0la marque.<\/p>\n<\/div>\n<\/div>\n<\/div>\n<\/div>\n<p>Auteur: mbasraoui<br \/>\n<a href=\"https:\/\/www.leconomiste.com\/flash-infos\/beko-presente-les-appareils-eco-performants\">Cliquez ici pour lire l&rsquo;article depuis sa source.<\/a><\/p>\n","protected":false},"excerpt":{"rendered":"<p>Beko, premi\u00e8re marque europ\u00e9enne d&rsquo;appareils \u00e9lectrom\u00e9nagers, a lanc\u00e9, jeudi, une vitrine virtuelle des ses appareils \u00e9co performants dans le but de sensibiliser le public sur la mission de durabilit\u00e9 chez la marque. \u00c0 l&rsquo;occasion de ce lancement Beko a fait part d&rsquo;une enqu\u00eate men\u00e9e dans toute l&rsquo;Europe sur les attitudes et les pr\u00e9occupations des gens [&hellip;]<\/p>\n","protected":false},"author":1763,"featured_media":0,"comment_status":"closed","ping_status":"closed","sticky":false,"template":"","format":"standard","meta":{"fifu_image_url":"","fifu_image_alt":"","footnotes":""},"categories":[78,54],"tags":[],"class_list":["post-119516","post","type-post","status-publish","format-standard","hentry","category-economie","category-maroc"],"_links":{"self":[{"href":"https:\/\/linitiative.ca\/International\/wp-json\/wp\/v2\/posts\/119516","targetHints":{"allow":["GET"]}}],"collection":[{"href":"https:\/\/linitiative.ca\/International\/wp-json\/wp\/v2\/posts"}],"about":[{"href":"https:\/\/linitiative.ca\/International\/wp-json\/wp\/v2\/types\/post"}],"author":[{"embeddable":true,"href":"https:\/\/linitiative.ca\/International\/wp-json\/wp\/v2\/users\/1763"}],"replies":[{"embeddable":true,"href":"https:\/\/linitiative.ca\/International\/wp-json\/wp\/v2\/comments?post=119516"}],"version-history":[{"count":0,"href":"https:\/\/linitiative.ca\/International\/wp-json\/wp\/v2\/posts\/119516\/revisions"}],"wp:attachment":[{"href":"https:\/\/linitiative.ca\/International\/wp-json\/wp\/v2\/media?parent=119516"}],"wp:term":[{"taxonomy":"category","embeddable":true,"href":"https:\/\/linitiative.ca\/International\/wp-json\/wp\/v2\/categories?post=119516"},{"taxonomy":"post_tag","embeddable":true,"href":"https:\/\/linitiative.ca\/International\/wp-json\/wp\/v2\/tags?post=119516"}],"curies":[{"name":"wp","href":"https:\/\/api.w.org\/{rel}","templated":true}]}}