{"id":119520,"date":"2021-06-25T15:14:40","date_gmt":"2021-06-25T19:14:40","guid":{"rendered":"https:\/\/linitiative.ca\/International\/real-perez-la-lettre-de-zidane-il-ne-la-pas-ecrite-ce-nest-pas-lui\/"},"modified":"2021-06-25T15:14:40","modified_gmt":"2021-06-25T19:14:40","slug":"real-perez-la-lettre-de-zidane-il-ne-la-pas-ecrite-ce-nest-pas-lui","status":"publish","type":"post","link":"https:\/\/linitiative.ca\/International\/real-perez-la-lettre-de-zidane-il-ne-la-pas-ecrite-ce-nest-pas-lui\/","title":{"rendered":"Real &#8211; Perez : \u00ab\u00a0La lettre de Zidane ? Il ne l\u2019a pas \u00e9crite. Ce n\u2019est pas lui\u00a0\u00bb"},"content":{"rendered":"<div>Avec un contrat qui courait encore jusqu&rsquo;en juin 2022, Zinedine Zidane a d\u00e9cid\u00e9 de quitter le navire \u00e0 la fin de la saison<img loading=\"lazy\" decoding=\"async\" src=\"http:\/\/feeds.feedburner.com\/~r\/GalerieFArtciles\/~4\/dgE6ikQyPqs\" height=\"1\" width=\"1\" alt=\"\"><\/div>\n<p>Auteur:<br \/>\n<a href=\"http:\/\/www.lebuteur.com\/article\/detail?titre=real-perez-la-lettre-de-zidane-il-ne-la-pas-ecrite-ce-nest-pas-lui&#038;id=100461&#038;utm_source=feedburner&#038;utm_medium=feed&#038;utm_campaign=Feed%3A+GalerieFArtciles+%28Les+derniers+articles++-+lebuteur.com%29\">Cliquez ici pour lire l&rsquo;article depuis sa source.<\/a><\/p>\n","protected":false},"excerpt":{"rendered":"<p>Avec un contrat qui courait encore jusqu&rsquo;en juin 2022, Zinedine Zidane a d\u00e9cid\u00e9 de quitter le navire \u00e0 la fin de la saison Auteur: Cliquez ici pour lire l&rsquo;article depuis sa source.<\/p>\n","protected":false},"author":1738,"featured_media":0,"comment_status":"closed","ping_status":"closed","sticky":false,"template":"","format":"standard","meta":{"fifu_image_url":"http:\/\/feeds.feedburner.com\/~r\/GalerieFArtciles\/~4\/dgE6ikQyPqs","fifu_image_alt":"<div>Real - Perez : \"La lettre de Zidane ? Il ne l\u2019a pas \u00e9crite. Ce n\u2019est pas lui\"<\/div>","footnotes":""},"categories":[53,75],"tags":[],"class_list":["post-119520","post","type-post","status-publish","format-standard","hentry","category-algerie","category-sport"],"_links":{"self":[{"href":"https:\/\/linitiative.ca\/International\/wp-json\/wp\/v2\/posts\/119520","targetHints":{"allow":["GET"]}}],"collection":[{"href":"https:\/\/linitiative.ca\/International\/wp-json\/wp\/v2\/posts"}],"about":[{"href":"https:\/\/linitiative.ca\/International\/wp-json\/wp\/v2\/types\/post"}],"author":[{"embeddable":true,"href":"https:\/\/linitiative.ca\/International\/wp-json\/wp\/v2\/users\/1738"}],"replies":[{"embeddable":true,"href":"https:\/\/linitiative.ca\/International\/wp-json\/wp\/v2\/comments?post=119520"}],"version-history":[{"count":0,"href":"https:\/\/linitiative.ca\/International\/wp-json\/wp\/v2\/posts\/119520\/revisions"}],"wp:attachment":[{"href":"https:\/\/linitiative.ca\/International\/wp-json\/wp\/v2\/media?parent=119520"}],"wp:term":[{"taxonomy":"category","embeddable":true,"href":"https:\/\/linitiative.ca\/International\/wp-json\/wp\/v2\/categories?post=119520"},{"taxonomy":"post_tag","embeddable":true,"href":"https:\/\/linitiative.ca\/International\/wp-json\/wp\/v2\/tags?post=119520"}],"curies":[{"name":"wp","href":"https:\/\/api.w.org\/{rel}","templated":true}]}}