{"id":119524,"date":"2021-06-25T05:26:23","date_gmt":"2021-06-25T09:26:23","guid":{"rendered":"https:\/\/linitiative.ca\/International\/automobile-loctroi-des-premiers-agrements-reporte\/"},"modified":"2021-06-25T05:26:23","modified_gmt":"2021-06-25T09:26:23","slug":"automobile-loctroi-des-premiers-agrements-reporte","status":"publish","type":"post","link":"https:\/\/linitiative.ca\/International\/automobile-loctroi-des-premiers-agrements-reporte\/","title":{"rendered":"Automobile : L\u2019octroi des premiers agr\u00e9ments report\u00e9"},"content":{"rendered":"<div>\n<div class=\"sriret\"><img loading=\"lazy\" decoding=\"async\" width=\"800\" height=\"454\" src=\"https:\/\/linitiative.ca\/International\/wp-content\/uploads\/sites\/23\/2021\/06\/importation-automobile-AlgC3A9rie1-581x330-Copier-e1617691794489.jpg\" class=\"attachment-featured_large size-featured_large wp-post-image\" alt=\"\" style=\"margin-bottom: 15px;\"><\/div>\n<p>C\u2019est depuis deux semaines que les op\u00e9rateurs travaillant dans le secteur de l\u2019automobile attendaient ce jeudi 24 juin avec la plus grande impatience, date fix\u00e9e initialement pour l\u2019octroi des licences d\u2019importation du v\u00e9hicule neuf.<\/p>\n<p>Le comit\u00e9 mis en place il y a presque un mois et qui devait statuer ce jeudi sur pas moins de 7 demandes n\u2019a pas donc rendu son verdict alors que le minist\u00e8re de l\u2019Industrie avait publi\u00e9 sur sa page Facebook un communiqu\u00e9 affirmant que les agr\u00e9ments allaient \u00eatre d\u00e9livr\u00e9s \u00ab\u00a0dans les prochaines heures\u00a0\u00bb.<\/p>\n<p>Notre confr\u00e8re Mourad Saadi, directeur du site automobile \u00ab\u00a0Carvision\u00a0\u00bb explique dans un article que \u00ab\u00a0la d\u00e9cision de ne pas d\u00e9lib\u00e9rer est conforme \u00e0 l\u2019article 2 modifi\u00e9, paru sur le journal officiel n\u00b040, du 31 Mai 2021, en page 22, qui stipule qu\u2019en cas d\u2019absence d\u2019un de ses membres, le comit\u00e9 technique ne peut se prononcer et devra se r\u00e9unir de nouveau, quatre jours plus tard\u00a0\u00bb.<\/p>\n<p>A cette deuxi\u00e8me r\u00e9union, \u00ab\u00a0si le quorum est atteint avec la pr\u00e9sence de cinq membres, le comit\u00e9 peut d\u00e9lib\u00e9rer\u00a0\u00bb, d\u00e9taille-t-il.<\/p>\n<p>Ceci, alors que des annonces officielles ont \u00e9t\u00e9 faites sur la chaine Chourouk News par Djebili Mohamed, occupant le poste de responsable technique pour les secteurs de l\u2019industrie et de l\u2019importation, affirmant que \u00ab\u00a0la commission technique donnera les r\u00e9sultats de sa premi\u00e8re r\u00e9union ce jeudi (jeudi 24 juin NDLR) et que les d\u00e9cisions d\u00e9finitives allaient \u00eatre donn\u00e9es d\u00e8s la semaine prochaine\u00a0\u00bb.<\/p>\n<p>Qu\u2019en est-il vraiment ? Le Pr\u00e9sident de la R\u00e9publique, Abdelmadjid Tebboune avait indiqu\u00e9 pourtant que ce dossier serait clos au mois de juin. Pour rappel, l\u2019importation de v\u00e9hicule s\u2019est interrompue en 2017.<\/p>\n<p>L\u2019article <a rel=\"nofollow\" href=\"https:\/\/www.elwatan.com\/edition\/actualite\/automobile-loctroi-des-premiers-agrements-reporte-25-06-2021\">Automobile : L\u2019octroi des premiers agr\u00e9ments report\u00e9<\/a> est apparu en premier sur <a rel=\"nofollow\" href=\"https:\/\/www.elwatan.com\/\">El Watan<\/a>.<\/p>\n<\/div>\n<p>Auteur: Mohand Yahiaoui<br \/>\n<a href=\"https:\/\/www.elwatan.com\/edition\/actualite\/automobile-loctroi-des-premiers-agrements-reporte-25-06-2021\">Cliquez ici pour lire l&rsquo;article depuis sa source.<\/a><\/p>\n","protected":false},"excerpt":{"rendered":"<p>C\u2019est depuis deux semaines que les op\u00e9rateurs travaillant dans le secteur de l\u2019automobile attendaient ce jeudi 24 juin avec la plus grande impatience, date fix\u00e9e initialement pour l\u2019octroi des licences d\u2019importation du v\u00e9hicule neuf. Le comit\u00e9 mis en place il y a presque un mois et qui devait statuer ce jeudi sur pas moins de [&hellip;]<\/p>\n","protected":false},"author":1743,"featured_media":0,"comment_status":"closed","ping_status":"closed","sticky":false,"template":"","format":"standard","meta":{"fifu_image_url":"https:\/\/www.elwatan.com\/wp-content\/uploads\/2021\/04\/importation-automobile-Alg\u00e9rie1-581x330-Copier-e1617691794489.jpg","fifu_image_alt":"Automobile : L\u2019octroi des premiers agr\u00e9ments report\u00e9","footnotes":""},"categories":[73,53],"tags":[],"class_list":["post-119524","post","type-post","status-publish","format-standard","hentry","category-actualite","category-algerie"],"_links":{"self":[{"href":"https:\/\/linitiative.ca\/International\/wp-json\/wp\/v2\/posts\/119524","targetHints":{"allow":["GET"]}}],"collection":[{"href":"https:\/\/linitiative.ca\/International\/wp-json\/wp\/v2\/posts"}],"about":[{"href":"https:\/\/linitiative.ca\/International\/wp-json\/wp\/v2\/types\/post"}],"author":[{"embeddable":true,"href":"https:\/\/linitiative.ca\/International\/wp-json\/wp\/v2\/users\/1743"}],"replies":[{"embeddable":true,"href":"https:\/\/linitiative.ca\/International\/wp-json\/wp\/v2\/comments?post=119524"}],"version-history":[{"count":0,"href":"https:\/\/linitiative.ca\/International\/wp-json\/wp\/v2\/posts\/119524\/revisions"}],"wp:attachment":[{"href":"https:\/\/linitiative.ca\/International\/wp-json\/wp\/v2\/media?parent=119524"}],"wp:term":[{"taxonomy":"category","embeddable":true,"href":"https:\/\/linitiative.ca\/International\/wp-json\/wp\/v2\/categories?post=119524"},{"taxonomy":"post_tag","embeddable":true,"href":"https:\/\/linitiative.ca\/International\/wp-json\/wp\/v2\/tags?post=119524"}],"curies":[{"name":"wp","href":"https:\/\/api.w.org\/{rel}","templated":true}]}}