{"id":119528,"date":"2021-06-25T08:04:55","date_gmt":"2021-06-25T12:04:55","guid":{"rendered":"https:\/\/linitiative.ca\/International\/suspension-partielle-et-provisoire-des-activites-de-lavage-auto-a-alger-a-compter-de-samedi\/"},"modified":"2021-06-25T08:04:55","modified_gmt":"2021-06-25T12:04:55","slug":"suspension-partielle-et-provisoire-des-activites-de-lavage-auto-a-alger-a-compter-de-samedi","status":"publish","type":"post","link":"https:\/\/linitiative.ca\/International\/suspension-partielle-et-provisoire-des-activites-de-lavage-auto-a-alger-a-compter-de-samedi\/","title":{"rendered":"Suspension partielle et provisoire des activit\u00e9s de lavage-auto \u00e0 Alger \u00e0 compter de samedi"},"content":{"rendered":"<div>\n<div class=\"sriret\"><img loading=\"lazy\" decoding=\"async\" width=\"620\" height=\"413\" src=\"https:\/\/linitiative.ca\/International\/wp-content\/uploads\/sites\/23\/2021\/06\/Lavage-1.gif\" class=\"attachment-featured_large size-featured_large wp-post-image\" alt=\"\" style=\"margin-bottom: 15px;\"><\/div>\n<p><strong><em>Les services de la wilaya d\u2019Alger ont d\u00e9cid\u00e9 de suspendre, \u00e0 compter de samedi 26 juin, de fa\u00e7on partielle et provisoire, l\u2019activit\u00e9 de lavage automobiles au niveau de l\u2019ensemble des stations sises au territoire de wilaya, a indiqu\u00e9 jeudi un communiqu\u00e9 des m\u00eames services.<\/em> <\/strong><\/p>\n<p><em>\u00abCompte tenu de la circonstance exceptionnelle que traversent ces derniers temps certaines communes de la capitale en raison des perturbations d\u2019approvisionnement en eau potable, induites essentiellement par la p\u00e9nurie d\u2019eau du fait du stress hydrique et de la baisse des niveaux d\u2019eau de barrages, les services de la wilaya d\u2019Alger ont d\u00e9cid\u00e9 d\u2019un arr\u00eat partiel et provisoire, \u00e0 partir de samedi prochain, de l\u2019activit\u00e9 de lavage automobile au niveau de l\u2019ensemble des stations se trouvant dans le territoire de la wilaya\u00bb<\/em>, a pr\u00e9cis\u00e9 le communiqu\u00e9.<\/p>\n<p>Cette d\u00e9cision, poursuit la m\u00eame source, intervient dans le souci des services de wilaya d\u2019exploiter \u00ab\u00a0rationnellement cette ressource vitale\u00a0\u00bb, en ce sens que toutes les pr\u00e9cautions ont \u00e9t\u00e9 prises afin de garantir l\u2019approvisionnement de l\u2019ensemble des populations de la capitale en eau potable.<\/p>\n<p>Les jours d\u2019ouverture et de pratique de cette activit\u00e9 sont fix\u00e9s exclusivement pour vendredi, samedi, lundi et mercredi, du 08h00 \u00e0 14h00, et ce jusqu\u2019\u00e0 l\u2019am\u00e9lioration de l\u2019approvisionnement en eau potable.<\/p>\n<p>La m\u00eame source a enfin pr\u00e9cis\u00e9 que les services de la wilaya d\u2019Alger exhortent ceux qui exercent cette activit\u00e9 \u00e0 faire montre de compr\u00e9hension pr\u00e9alable de cette mesure exceptionnelle et provisoire.<\/p>\n<p>L\u2019article <a rel=\"nofollow\" href=\"https:\/\/www.elwatan.com\/edition\/actualite\/suspension-partielle-et-provisoire-des-activites-de-lavage-auto-a-alger-a-compter-de-samedi-25-06-2021\">Suspension partielle et provisoire des activit\u00e9s de lavage-auto \u00e0 Alger \u00e0 compter de samedi<\/a> est apparu en premier sur <a rel=\"nofollow\" href=\"https:\/\/www.elwatan.com\/\">El Watan<\/a>.<\/p>\n<\/div>\n<p>Auteur: Mohand Yahiaoui<br \/>\n<a href=\"https:\/\/www.elwatan.com\/edition\/actualite\/suspension-partielle-et-provisoire-des-activites-de-lavage-auto-a-alger-a-compter-de-samedi-25-06-2021\">Cliquez ici pour lire l&rsquo;article depuis sa source.<\/a><\/p>\n","protected":false},"excerpt":{"rendered":"<p>Les services de la wilaya d\u2019Alger ont d\u00e9cid\u00e9 de suspendre, \u00e0 compter de samedi 26 juin, de fa\u00e7on partielle et provisoire, l\u2019activit\u00e9 de lavage automobiles au niveau de l\u2019ensemble des stations sises au territoire de wilaya, a indiqu\u00e9 jeudi un communiqu\u00e9 des m\u00eames services. \u00abCompte tenu de la circonstance exceptionnelle que traversent ces derniers temps [&hellip;]<\/p>\n","protected":false},"author":1743,"featured_media":0,"comment_status":"closed","ping_status":"closed","sticky":false,"template":"","format":"standard","meta":{"fifu_image_url":"https:\/\/www.elwatan.com\/wp-content\/uploads\/2020\/12\/Lavage-1.gif","fifu_image_alt":"Suspension partielle et provisoire des activit\u00e9s de lavage-auto \u00e0 Alger \u00e0 compter de samedi","footnotes":""},"categories":[73,53],"tags":[],"class_list":["post-119528","post","type-post","status-publish","format-standard","hentry","category-actualite","category-algerie"],"_links":{"self":[{"href":"https:\/\/linitiative.ca\/International\/wp-json\/wp\/v2\/posts\/119528","targetHints":{"allow":["GET"]}}],"collection":[{"href":"https:\/\/linitiative.ca\/International\/wp-json\/wp\/v2\/posts"}],"about":[{"href":"https:\/\/linitiative.ca\/International\/wp-json\/wp\/v2\/types\/post"}],"author":[{"embeddable":true,"href":"https:\/\/linitiative.ca\/International\/wp-json\/wp\/v2\/users\/1743"}],"replies":[{"embeddable":true,"href":"https:\/\/linitiative.ca\/International\/wp-json\/wp\/v2\/comments?post=119528"}],"version-history":[{"count":0,"href":"https:\/\/linitiative.ca\/International\/wp-json\/wp\/v2\/posts\/119528\/revisions"}],"wp:attachment":[{"href":"https:\/\/linitiative.ca\/International\/wp-json\/wp\/v2\/media?parent=119528"}],"wp:term":[{"taxonomy":"category","embeddable":true,"href":"https:\/\/linitiative.ca\/International\/wp-json\/wp\/v2\/categories?post=119528"},{"taxonomy":"post_tag","embeddable":true,"href":"https:\/\/linitiative.ca\/International\/wp-json\/wp\/v2\/tags?post=119528"}],"curies":[{"name":"wp","href":"https:\/\/api.w.org\/{rel}","templated":true}]}}