{"id":119530,"date":"2021-06-25T07:35:00","date_gmt":"2021-06-25T11:35:00","guid":{"rendered":"https:\/\/linitiative.ca\/International\/huawei-et-le-ministere-des-technologies-de-la-communication-dans-la-continuite-dune-large-cooperation\/"},"modified":"2021-06-25T07:35:00","modified_gmt":"2021-06-25T11:35:00","slug":"huawei-et-le-ministere-des-technologies-de-la-communication-dans-la-continuite-dune-large-cooperation","status":"publish","type":"post","link":"https:\/\/linitiative.ca\/International\/huawei-et-le-ministere-des-technologies-de-la-communication-dans-la-continuite-dune-large-cooperation\/","title":{"rendered":"Huawei et le Minist\u00e8re des Technologies de la Communication: Dans la continuit\u00e9 d\u2019une large coop\u00e9ration"},"content":{"rendered":"<div><img decoding=\"async\" src=\"https:\/\/linitiative.ca\/International\/wp-content\/uploads\/sites\/23\/2021\/06\/1624618035_article.jpg\" alt=\"Huawei et le Minist\u00e8re des Technologies de la Communication: Dans la continuit\u00e9 d\u2019une large coop\u00e9ration\" align=\"left\">M. Fadhel Kraiem, Ministre des Technologies de la Communication a rencontr\u00e9 en visioconf\u00e9rence vendredi 18 juin M. WANG Tao, Executive Director, President of ICT Products &amp; Solutions chez Huawei accompagn\u00e9 par une d\u00e9l\u00e9gation de Huawei compos\u00e9e de M. Terry HE, President of Huawei Northern Africa ainsi que M. Benjamin HOU President of Huawei Northen Africa Carrier Business Dept.<br \/>\nLors de cette rencontre, l\u2019\u00e9quipe de Huawei a pr\u00e9sent\u00e9 ses r\u00e9alisations en Tunisie durant l\u2019ann\u00e9e \u00e9coul\u00e9e. Ils ont rappel\u00e9 leur engagement \u00e0 appuyer le gouvernement tunisien dans sa lutte contre la Covid 19, dans le d\u00e9veloppement des diff\u00e9rents secteurs li\u00e9s aux TICS et \u00e0 la transformation &#8230;<\/p>\n<\/div>\n<p>Auteur:<br \/>\n<a href=\"https:\/\/www.leaders.com.tn\/article\/32080-huawei-et-le-ministere-des-technologies-de-la-communication-dans-la-continuite-d-une-large-cooperation\">Cliquez ici pour lire l&rsquo;article depuis sa source.<\/a><\/p>\n","protected":false},"excerpt":{"rendered":"<p>M. Fadhel Kraiem, Ministre des Technologies de la Communication a rencontr\u00e9 en visioconf\u00e9rence vendredi 18 juin M. WANG Tao, Executive Director, President of ICT Products &amp; Solutions chez Huawei accompagn\u00e9 par une d\u00e9l\u00e9gation de Huawei compos\u00e9e de M. Terry HE, President of Huawei Northern Africa ainsi que M. Benjamin HOU President of Huawei Northen Africa [&hellip;]<\/p>\n","protected":false},"author":1772,"featured_media":0,"comment_status":"closed","ping_status":"closed","sticky":false,"template":"","format":"standard","meta":{"fifu_image_url":"http:\/\/www.leaders.com.tn\/uploads\/content\/thumbnails_small\/1624618035_article.jpg","fifu_image_alt":"Huawei et le Minist\u00e8re des Technologies de la Communication: Dans la continuit\u00e9 d\u2019une large coop\u00e9ration","footnotes":""},"categories":[73,55],"tags":[],"class_list":["post-119530","post","type-post","status-publish","format-standard","hentry","category-actualite","category-tunisie"],"_links":{"self":[{"href":"https:\/\/linitiative.ca\/International\/wp-json\/wp\/v2\/posts\/119530","targetHints":{"allow":["GET"]}}],"collection":[{"href":"https:\/\/linitiative.ca\/International\/wp-json\/wp\/v2\/posts"}],"about":[{"href":"https:\/\/linitiative.ca\/International\/wp-json\/wp\/v2\/types\/post"}],"author":[{"embeddable":true,"href":"https:\/\/linitiative.ca\/International\/wp-json\/wp\/v2\/users\/1772"}],"replies":[{"embeddable":true,"href":"https:\/\/linitiative.ca\/International\/wp-json\/wp\/v2\/comments?post=119530"}],"version-history":[{"count":0,"href":"https:\/\/linitiative.ca\/International\/wp-json\/wp\/v2\/posts\/119530\/revisions"}],"wp:attachment":[{"href":"https:\/\/linitiative.ca\/International\/wp-json\/wp\/v2\/media?parent=119530"}],"wp:term":[{"taxonomy":"category","embeddable":true,"href":"https:\/\/linitiative.ca\/International\/wp-json\/wp\/v2\/categories?post=119530"},{"taxonomy":"post_tag","embeddable":true,"href":"https:\/\/linitiative.ca\/International\/wp-json\/wp\/v2\/tags?post=119530"}],"curies":[{"name":"wp","href":"https:\/\/api.w.org\/{rel}","templated":true}]}}