{"id":119532,"date":"2021-06-25T11:51:00","date_gmt":"2021-06-25T15:51:00","guid":{"rendered":"https:\/\/linitiative.ca\/International\/de-nouvelles-mesures-pour-enrayer-la-progression-de-lepidemie-sanitaire-dans-certaines-regions\/"},"modified":"2021-06-25T11:51:00","modified_gmt":"2021-06-25T15:51:00","slug":"de-nouvelles-mesures-pour-enrayer-la-progression-de-lepidemie-sanitaire-dans-certaines-regions","status":"publish","type":"post","link":"https:\/\/linitiative.ca\/International\/de-nouvelles-mesures-pour-enrayer-la-progression-de-lepidemie-sanitaire-dans-certaines-regions\/","title":{"rendered":"De nouvelles mesures  pour enrayer la progression de l&rsquo;\u00e9pid\u00e9mie sanitaire dans certaines r\u00e9gions"},"content":{"rendered":"<div><img decoding=\"async\" src=\"https:\/\/linitiative.ca\/International\/wp-content\/uploads\/sites\/23\/2021\/06\/1624639196_article.jpg\" alt=\"De nouvelles mesures  pour enrayer la progression de l\" sanitaire dans certaines r align=\"left\">La porte-parole officielle du gouvernement Hasna Ben Slimane a rec\u00e0onnu qu&rsquo;il est impossible de confiner 11 millions de Tunisien et de\u00a0 mettre un policier derri\u00e8re chaque Tunisien. N\u00e9anmoins, elle a a annonce de nouvelles mesure en vue de circonscrire \u00a0\u00bb sanitaire \u00e9pid\u00e9mie qui s&rsquo;est amplifi\u00e9e ces dernieres semaines dans plusieurs r\u00e9gions, C&rsquo;est ainsi que le couvre-feu commencera 20 heures\u00a0 et prendra fin le lendemain \u00e0 5 heures.<br \/>\nPendant tout ce temps, Les dans espaces publics seront f\u00e9rm\u00e9s, hormis commerces essentiel. Il n&rsquo;yaura pas de chaises dans les caf\u00e9s alors ques les restaurants se limiteront aux repas \u00e0 emporter \u00e0 partir de 16h. De m\u00eame, les citoyens ne pourront pas &#8230;<\/p>\n<\/div>\n<p>Auteur:<br \/>\n<a href=\"https:\/\/www.leaders.com.tn\/article\/32081-de-nouvelles-mesures-pour-enrayer-la-progression-de-l-epidemie-sanitaire-dans-certaines-regions\">Cliquez ici pour lire l&rsquo;article depuis sa source.<\/a><\/p>\n","protected":false},"excerpt":{"rendered":"<p>La porte-parole officielle du gouvernement Hasna Ben Slimane a rec\u00e0onnu qu&rsquo;il est impossible de confiner 11 millions de Tunisien et de\u00a0 mettre un policier derri\u00e8re chaque Tunisien. N\u00e9anmoins, elle a a annonce de nouvelles mesure en vue de circonscrire \u00a0\u00bb sanitaire \u00e9pid\u00e9mie qui s&rsquo;est amplifi\u00e9e ces dernieres semaines dans plusieurs r\u00e9gions, C&rsquo;est ainsi que le [&hellip;]<\/p>\n","protected":false},"author":1772,"featured_media":0,"comment_status":"closed","ping_status":"closed","sticky":false,"template":"","format":"standard","meta":{"fifu_image_url":"http:\/\/www.leaders.com.tn\/uploads\/content\/thumbnails_small\/1624639196_article.jpg","fifu_image_alt":"<div>De nouvelles mesures  pour enrayer la progression de l'\u00e9pid\u00e9mie sanitaire dans certaines r\u00e9gions<\/div>","footnotes":""},"categories":[73,55],"tags":[],"class_list":["post-119532","post","type-post","status-publish","format-standard","hentry","category-actualite","category-tunisie"],"_links":{"self":[{"href":"https:\/\/linitiative.ca\/International\/wp-json\/wp\/v2\/posts\/119532","targetHints":{"allow":["GET"]}}],"collection":[{"href":"https:\/\/linitiative.ca\/International\/wp-json\/wp\/v2\/posts"}],"about":[{"href":"https:\/\/linitiative.ca\/International\/wp-json\/wp\/v2\/types\/post"}],"author":[{"embeddable":true,"href":"https:\/\/linitiative.ca\/International\/wp-json\/wp\/v2\/users\/1772"}],"replies":[{"embeddable":true,"href":"https:\/\/linitiative.ca\/International\/wp-json\/wp\/v2\/comments?post=119532"}],"version-history":[{"count":0,"href":"https:\/\/linitiative.ca\/International\/wp-json\/wp\/v2\/posts\/119532\/revisions"}],"wp:attachment":[{"href":"https:\/\/linitiative.ca\/International\/wp-json\/wp\/v2\/media?parent=119532"}],"wp:term":[{"taxonomy":"category","embeddable":true,"href":"https:\/\/linitiative.ca\/International\/wp-json\/wp\/v2\/categories?post=119532"},{"taxonomy":"post_tag","embeddable":true,"href":"https:\/\/linitiative.ca\/International\/wp-json\/wp\/v2\/tags?post=119532"}],"curies":[{"name":"wp","href":"https:\/\/api.w.org\/{rel}","templated":true}]}}