{"id":119534,"date":"2021-06-25T13:51:00","date_gmt":"2021-06-25T17:51:00","guid":{"rendered":"https:\/\/linitiative.ca\/International\/le-chef-de-gouvernement-contracte-le-coronavirus\/"},"modified":"2021-06-25T13:51:00","modified_gmt":"2021-06-25T17:51:00","slug":"le-chef-de-gouvernement-contracte-le-coronavirus","status":"publish","type":"post","link":"https:\/\/linitiative.ca\/International\/le-chef-de-gouvernement-contracte-le-coronavirus\/","title":{"rendered":"Le chef de gouvernement contracte le coronavirus"},"content":{"rendered":"<div><img decoding=\"async\" src=\"https:\/\/linitiative.ca\/International\/wp-content\/uploads\/sites\/23\/2021\/06\/1624642211_article.jpg\" alt=\"Le chef de gouvernement contracte le coronavirus\" align=\"left\">Le chef de Gouvernement Hichem M\u00e9chichi a contract\u00e9 ce vendredi soir le coronavirus, ce qui la contraint \u00e0 poursuivre ses activit\u00e9s \u00e0 distance de fa\u00e7on \u00e0 ce que le travail gouvernemental ne s&rsquo;en ressente pas. Les membres de son \u00e9quipe effectueront des test PCR pour s&rsquo;assurer qu&rsquo;ils n&rsquo;ont pas \u00e9t\u00e9 contamin\u00e9s.Tous les rendez-vous de Hichem Mechichi ont \u00e9t\u00e9 annul\u00e9s jusqu&rsquo;\u00e0 sa gu\u00e9rison.<\/p>\n<\/div>\n<p>Auteur:<br \/>\n<a href=\"https:\/\/www.leaders.com.tn\/article\/32082-le-chef-de-gouvernement-contracte-le-coronavirus\">Cliquez ici pour lire l&rsquo;article depuis sa source.<\/a><\/p>\n","protected":false},"excerpt":{"rendered":"<p>Le chef de Gouvernement Hichem M\u00e9chichi a contract\u00e9 ce vendredi soir le coronavirus, ce qui la contraint \u00e0 poursuivre ses activit\u00e9s \u00e0 distance de fa\u00e7on \u00e0 ce que le travail gouvernemental ne s&rsquo;en ressente pas. Les membres de son \u00e9quipe effectueront des test PCR pour s&rsquo;assurer qu&rsquo;ils n&rsquo;ont pas \u00e9t\u00e9 contamin\u00e9s.Tous les rendez-vous de Hichem [&hellip;]<\/p>\n","protected":false},"author":1772,"featured_media":0,"comment_status":"closed","ping_status":"closed","sticky":false,"template":"","format":"standard","meta":{"fifu_image_url":"http:\/\/www.leaders.com.tn\/uploads\/content\/thumbnails_small\/1624642211_article.jpg","fifu_image_alt":"Le chef de gouvernement contracte le coronavirus","footnotes":""},"categories":[73,55],"tags":[],"class_list":["post-119534","post","type-post","status-publish","format-standard","hentry","category-actualite","category-tunisie"],"_links":{"self":[{"href":"https:\/\/linitiative.ca\/International\/wp-json\/wp\/v2\/posts\/119534","targetHints":{"allow":["GET"]}}],"collection":[{"href":"https:\/\/linitiative.ca\/International\/wp-json\/wp\/v2\/posts"}],"about":[{"href":"https:\/\/linitiative.ca\/International\/wp-json\/wp\/v2\/types\/post"}],"author":[{"embeddable":true,"href":"https:\/\/linitiative.ca\/International\/wp-json\/wp\/v2\/users\/1772"}],"replies":[{"embeddable":true,"href":"https:\/\/linitiative.ca\/International\/wp-json\/wp\/v2\/comments?post=119534"}],"version-history":[{"count":0,"href":"https:\/\/linitiative.ca\/International\/wp-json\/wp\/v2\/posts\/119534\/revisions"}],"wp:attachment":[{"href":"https:\/\/linitiative.ca\/International\/wp-json\/wp\/v2\/media?parent=119534"}],"wp:term":[{"taxonomy":"category","embeddable":true,"href":"https:\/\/linitiative.ca\/International\/wp-json\/wp\/v2\/categories?post=119534"},{"taxonomy":"post_tag","embeddable":true,"href":"https:\/\/linitiative.ca\/International\/wp-json\/wp\/v2\/tags?post=119534"}],"curies":[{"name":"wp","href":"https:\/\/api.w.org\/{rel}","templated":true}]}}