{"id":119536,"date":"2021-06-25T14:29:00","date_gmt":"2021-06-25T18:29:00","guid":{"rendered":"https:\/\/linitiative.ca\/International\/huawei-honore-par-le-colloque-africain-de-la-formation-4-0-video\/"},"modified":"2021-06-25T14:29:00","modified_gmt":"2021-06-25T18:29:00","slug":"huawei-honore-par-le-colloque-africain-de-la-formation-4-0-video","status":"publish","type":"post","link":"https:\/\/linitiative.ca\/International\/huawei-honore-par-le-colloque-africain-de-la-formation-4-0-video\/","title":{"rendered":"Huawei honor\u00e9 par le colloque Africain de la Formation 4.0 (Vid\u00e9o)"},"content":{"rendered":"<div><img decoding=\"async\" src=\"https:\/\/linitiative.ca\/International\/wp-content\/uploads\/sites\/23\/2021\/06\/1624643151_article.jpg\" alt=\"Huawei honor\u00e9 par le colloque Africain de la Formation 4.0\" align=\"left\">La Tunisie a c\u00e9l\u00e9br\u00e9 du 21 au 24 juin la 2eme \u00e9dition hybride du colloque Africain de la Formation 4.0 sous l\u2019\u00e9gide du Minist\u00e8re de l\u2019Enseignement Sup\u00e9rieur et de la Recherche Scientifique. Le d\u00e9fi de cette 2eme Edition est de \u00ab Pr\u00e9senter et former les jeunes \u00e0 l\u2019avanc\u00e9e du monde digital et am\u00e9liorer leurs connaissances sur l\u2019industrie 4.0 \u00bb.<\/p>\n<p>Le forum a choisi le g\u00e9ant chinois Huawei comme invit\u00e9 d\u2019honneur en la personne de Rihab Kasmi, ICT Academy Project Manager en charge du prestigieux programme international Huawei ICT academy, pour partager son exp\u00e9rience et donner des recommandations.<br \/>\nHuawei ICT Academy est un\u00a0 programme \u00e9ducatif \u00e0 but non lucratif &#8230;<\/p>\n<\/div>\n<p>Auteur:<br \/>\n<a href=\"https:\/\/www.leaders.com.tn\/article\/32083-huawei-honore-par-le-colloque-africain-de-la-formation-4-0\">Cliquez ici pour lire l&rsquo;article depuis sa source.<\/a><\/p>\n","protected":false},"excerpt":{"rendered":"<p>La Tunisie a c\u00e9l\u00e9br\u00e9 du 21 au 24 juin la 2eme \u00e9dition hybride du colloque Africain de la Formation 4.0 sous l\u2019\u00e9gide du Minist\u00e8re de l\u2019Enseignement Sup\u00e9rieur et de la Recherche Scientifique. Le d\u00e9fi de cette 2eme Edition est de \u00ab Pr\u00e9senter et former les jeunes \u00e0 l\u2019avanc\u00e9e du monde digital et am\u00e9liorer leurs connaissances [&hellip;]<\/p>\n","protected":false},"author":1772,"featured_media":0,"comment_status":"closed","ping_status":"closed","sticky":false,"template":"","format":"standard","meta":{"fifu_image_url":"http:\/\/www.leaders.com.tn\/uploads\/content\/thumbnails_small\/1624643151_article.jpg","fifu_image_alt":"Huawei honor\u00e9 par le colloque Africain de la Formation 4.0 (Vid\u00e9o)","footnotes":""},"categories":[73,55],"tags":[],"class_list":["post-119536","post","type-post","status-publish","format-standard","hentry","category-actualite","category-tunisie"],"_links":{"self":[{"href":"https:\/\/linitiative.ca\/International\/wp-json\/wp\/v2\/posts\/119536","targetHints":{"allow":["GET"]}}],"collection":[{"href":"https:\/\/linitiative.ca\/International\/wp-json\/wp\/v2\/posts"}],"about":[{"href":"https:\/\/linitiative.ca\/International\/wp-json\/wp\/v2\/types\/post"}],"author":[{"embeddable":true,"href":"https:\/\/linitiative.ca\/International\/wp-json\/wp\/v2\/users\/1772"}],"replies":[{"embeddable":true,"href":"https:\/\/linitiative.ca\/International\/wp-json\/wp\/v2\/comments?post=119536"}],"version-history":[{"count":0,"href":"https:\/\/linitiative.ca\/International\/wp-json\/wp\/v2\/posts\/119536\/revisions"}],"wp:attachment":[{"href":"https:\/\/linitiative.ca\/International\/wp-json\/wp\/v2\/media?parent=119536"}],"wp:term":[{"taxonomy":"category","embeddable":true,"href":"https:\/\/linitiative.ca\/International\/wp-json\/wp\/v2\/categories?post=119536"},{"taxonomy":"post_tag","embeddable":true,"href":"https:\/\/linitiative.ca\/International\/wp-json\/wp\/v2\/tags?post=119536"}],"curies":[{"name":"wp","href":"https:\/\/api.w.org\/{rel}","templated":true}]}}