{"id":119538,"date":"2021-06-25T07:41:59","date_gmt":"2021-06-25T11:41:59","guid":{"rendered":"https:\/\/linitiative.ca\/International\/vacances-dete-2021-les-hoteliers-ne-jouent-pas-le-jeu\/"},"modified":"2021-06-25T07:41:59","modified_gmt":"2021-06-25T11:41:59","slug":"vacances-dete-2021-les-hoteliers-ne-jouent-pas-le-jeu","status":"publish","type":"post","link":"https:\/\/linitiative.ca\/International\/vacances-dete-2021-les-hoteliers-ne-jouent-pas-le-jeu\/","title":{"rendered":"Vacances d\u2019\u00e9t\u00e9 2021. Les h\u00f4teliers ne jouent pas le jeu"},"content":{"rendered":"<div><img decoding=\"async\" width=\"1000\" height=\"667\" src=\"https:\/\/linitiative.ca\/International\/wp-content\/uploads\/sites\/23\/2021\/06\/hotel.jpg\" class=\"attachment-post-thumbnail size-post-thumbnail wp-post-image\" alt=\"\" loading=\"lazy\" srcset=\"https:\/\/linitiative.ca\/International\/wp-content\/uploads\/sites\/23\/2021\/06\/hotel.jpg 1000w, https:\/\/www.challenge.ma\/wp-content\/uploads\/2021\/06\/hotel-300x200.jpg 300w, https:\/\/www.challenge.ma\/wp-content\/uploads\/2021\/06\/hotel-768x512.jpg 768w, https:\/\/www.challenge.ma\/wp-content\/uploads\/2021\/06\/hotel-360x240.jpg 360w, https:\/\/www.challenge.ma\/wp-content\/uploads\/2021\/06\/hotel-750x500.jpg 750w\" sizes=\"auto, (max-width: 1000px) 100vw, 1000px\" itemprop=\"image\">En cette fin du mois de juin, beaucoup songeront aux destinations o\u00f9 ils voudraient voyager. Certains s\u2019y sont pris \u00e0 l\u2019avance, d\u2019autres pas.\u00a0 Pour ces vacances d\u2019\u00e9t\u00e9 2021, les premi\u00e8res apr\u00e8s la crise Covid-19, le tourisme local devrait \u00eatre le grand gagnant de l\u2019\u00e9t\u00e9, malgr\u00e9 la lev\u00e9e des restrictions sanitaires<\/div>\n<p>Auteur: challenge<br \/>\n<a href=\"https:\/\/www.challenge.ma\/vacances-dete-2021-tarifs-exceptionnels-promis-les-hoteliers-ne-jouent-pas-le-jeu-189945\/\">Cliquez ici pour lire l&rsquo;article depuis sa source.<\/a><\/p>\n","protected":false},"excerpt":{"rendered":"<p>En cette fin du mois de juin, beaucoup songeront aux destinations o\u00f9 ils voudraient voyager. Certains s\u2019y sont pris \u00e0 l\u2019avance, d\u2019autres pas.\u00a0 Pour ces vacances d\u2019\u00e9t\u00e9 2021, les premi\u00e8res apr\u00e8s la crise Covid-19, le tourisme local devrait \u00eatre le grand gagnant de l\u2019\u00e9t\u00e9, malgr\u00e9 la lev\u00e9e des restrictions sanitaires Auteur: challenge Cliquez ici pour [&hellip;]<\/p>\n","protected":false},"author":1787,"featured_media":0,"comment_status":"closed","ping_status":"closed","sticky":false,"template":"","format":"standard","meta":{"fifu_image_url":"https:\/\/www.challenge.ma\/wp-content\/uploads\/2021\/06\/hotel.jpg","fifu_image_alt":"Vacances d\u2019\u00e9t\u00e9 2021. Les h\u00f4teliers ne jouent pas le jeu","footnotes":""},"categories":[78,54],"tags":[],"class_list":["post-119538","post","type-post","status-publish","format-standard","hentry","category-economie","category-maroc"],"_links":{"self":[{"href":"https:\/\/linitiative.ca\/International\/wp-json\/wp\/v2\/posts\/119538","targetHints":{"allow":["GET"]}}],"collection":[{"href":"https:\/\/linitiative.ca\/International\/wp-json\/wp\/v2\/posts"}],"about":[{"href":"https:\/\/linitiative.ca\/International\/wp-json\/wp\/v2\/types\/post"}],"author":[{"embeddable":true,"href":"https:\/\/linitiative.ca\/International\/wp-json\/wp\/v2\/users\/1787"}],"replies":[{"embeddable":true,"href":"https:\/\/linitiative.ca\/International\/wp-json\/wp\/v2\/comments?post=119538"}],"version-history":[{"count":0,"href":"https:\/\/linitiative.ca\/International\/wp-json\/wp\/v2\/posts\/119538\/revisions"}],"wp:attachment":[{"href":"https:\/\/linitiative.ca\/International\/wp-json\/wp\/v2\/media?parent=119538"}],"wp:term":[{"taxonomy":"category","embeddable":true,"href":"https:\/\/linitiative.ca\/International\/wp-json\/wp\/v2\/categories?post=119538"},{"taxonomy":"post_tag","embeddable":true,"href":"https:\/\/linitiative.ca\/International\/wp-json\/wp\/v2\/tags?post=119538"}],"curies":[{"name":"wp","href":"https:\/\/api.w.org\/{rel}","templated":true}]}}