{"id":119546,"date":"2021-06-25T15:42:42","date_gmt":"2021-06-25T19:42:42","guid":{"rendered":"https:\/\/linitiative.ca\/International\/lespagne-fait-les-frais-de-la-querelle-diplomatique-avec-le-maroc-presse-espagnole\/"},"modified":"2021-06-25T15:42:42","modified_gmt":"2021-06-25T19:42:42","slug":"lespagne-fait-les-frais-de-la-querelle-diplomatique-avec-le-maroc-presse-espagnole","status":"publish","type":"post","link":"https:\/\/linitiative.ca\/International\/lespagne-fait-les-frais-de-la-querelle-diplomatique-avec-le-maroc-presse-espagnole\/","title":{"rendered":"L\u2019Espagne fait les frais de la querelle diplomatique avec le Maroc [Presse espagnole]"},"content":{"rendered":"<div><img decoding=\"async\" width=\"660\" height=\"330\" src=\"https:\/\/linitiative.ca\/International\/wp-content\/uploads\/sites\/23\/2021\/06\/bab-sebta.jpg\" class=\"attachment-post-thumbnail size-post-thumbnail wp-post-image\" alt=\"\" loading=\"lazy\" srcset=\"https:\/\/linitiative.ca\/International\/wp-content\/uploads\/sites\/23\/2021\/06\/bab-sebta.jpg 660w, https:\/\/www.challenge.ma\/wp-content\/uploads\/2021\/06\/bab-sebta-300x150.jpg 300w, https:\/\/www.challenge.ma\/wp-content\/uploads\/2021\/06\/bab-sebta-360x180.jpg 360w\" sizes=\"auto, (max-width: 660px) 100vw, 660px\" itemprop=\"image\">Avec l\u2019exclusion de ports espagnols de l\u2019op\u00e9ration Marhaba 2021, de nombreux m\u00e9dias ib\u00e9riques ont lanc\u00e9 ces derniers jours, une s\u00e9rie de reportages sur les r\u00e9percussions \u00e9conomiques de cette situation sur les villes et surtout les op\u00e9rateurs concern\u00e9s. L\u2019Espagne, qui repr\u00e9sente le plus gros volume des voyageurs MRE, vit une situation<\/div>\n<p>Auteur: challenge<br \/>\n<a href=\"https:\/\/www.challenge.ma\/lespagne-fait-les-frais-de-la-querelle-diplomatique-avec-le-maroc-190053\/\">Cliquez ici pour lire l&rsquo;article depuis sa source.<\/a><\/p>\n","protected":false},"excerpt":{"rendered":"<p>Avec l\u2019exclusion de ports espagnols de l\u2019op\u00e9ration Marhaba 2021, de nombreux m\u00e9dias ib\u00e9riques ont lanc\u00e9 ces derniers jours, une s\u00e9rie de reportages sur les r\u00e9percussions \u00e9conomiques de cette situation sur les villes et surtout les op\u00e9rateurs concern\u00e9s. L\u2019Espagne, qui repr\u00e9sente le plus gros volume des voyageurs MRE, vit une situation Auteur: challenge Cliquez ici pour [&hellip;]<\/p>\n","protected":false},"author":1787,"featured_media":0,"comment_status":"closed","ping_status":"closed","sticky":false,"template":"","format":"standard","meta":{"fifu_image_url":"https:\/\/www.challenge.ma\/wp-content\/uploads\/2021\/06\/bab-sebta.jpg","fifu_image_alt":"L\u2019Espagne fait les frais de la querelle diplomatique avec le Maroc [Presse espagnole]","footnotes":""},"categories":[78,54],"tags":[],"class_list":["post-119546","post","type-post","status-publish","format-standard","hentry","category-economie","category-maroc"],"_links":{"self":[{"href":"https:\/\/linitiative.ca\/International\/wp-json\/wp\/v2\/posts\/119546","targetHints":{"allow":["GET"]}}],"collection":[{"href":"https:\/\/linitiative.ca\/International\/wp-json\/wp\/v2\/posts"}],"about":[{"href":"https:\/\/linitiative.ca\/International\/wp-json\/wp\/v2\/types\/post"}],"author":[{"embeddable":true,"href":"https:\/\/linitiative.ca\/International\/wp-json\/wp\/v2\/users\/1787"}],"replies":[{"embeddable":true,"href":"https:\/\/linitiative.ca\/International\/wp-json\/wp\/v2\/comments?post=119546"}],"version-history":[{"count":0,"href":"https:\/\/linitiative.ca\/International\/wp-json\/wp\/v2\/posts\/119546\/revisions"}],"wp:attachment":[{"href":"https:\/\/linitiative.ca\/International\/wp-json\/wp\/v2\/media?parent=119546"}],"wp:term":[{"taxonomy":"category","embeddable":true,"href":"https:\/\/linitiative.ca\/International\/wp-json\/wp\/v2\/categories?post=119546"},{"taxonomy":"post_tag","embeddable":true,"href":"https:\/\/linitiative.ca\/International\/wp-json\/wp\/v2\/tags?post=119546"}],"curies":[{"name":"wp","href":"https:\/\/api.w.org\/{rel}","templated":true}]}}