{"id":119549,"date":"2021-06-25T16:02:51","date_gmt":"2021-06-25T20:02:51","guid":{"rendered":"https:\/\/linitiative.ca\/International\/bizerte-coronavirus-ajustement-des-horaires-du-couvre-feu\/"},"modified":"2021-06-25T16:02:51","modified_gmt":"2021-06-25T20:02:51","slug":"bizerte-coronavirus-ajustement-des-horaires-du-couvre-feu","status":"publish","type":"post","link":"https:\/\/linitiative.ca\/International\/bizerte-coronavirus-ajustement-des-horaires-du-couvre-feu\/","title":{"rendered":"Bizerte-Coronavirus : Ajustement des horaires du couvre-feu"},"content":{"rendered":"<div>\n<p>A l\u2019issue de sa r\u00e9union d\u2019aujourd\u2019hui, vendredi 25 juin 2021 au si\u00e8ge du gouvernorat, et apr\u00e8s avoir discut\u00e9 de la situation sanitaire, le comit\u00e9 r\u00e9gional de lutte contre les catastrophes \u00e0 Bizerte a approuv\u00e9 l\u2019ensemble de mesures suivantes : Confinement cibl\u00e9 dirig\u00e9e \u00e0 Bizerte Sud, Bizrete Nord, Menzel Jemil et Jarzouna. Interdiction de circuler \u00e0 [\u2026]<\/p>\n<p>L\u2019article <a href=\"https:\/\/www.tunisienumerique.com\/bizerte-coronavirus-ajustement-des-horaires-du-couvre-feu\/\">Bizerte-Coronavirus : Ajustement des horaires du couvre-feu<\/a> est apparu en premier sur <a href=\"https:\/\/www.tunisienumerique.com\/\">Tunisie<\/a>.<\/p>\n<\/div>\n<p>Auteur: rania ben slimane<br \/>\n<a href=\"https:\/\/www.tunisienumerique.com\/bizerte-coronavirus-ajustement-des-horaires-du-couvre-feu\/\">Cliquez ici pour lire l&rsquo;article depuis sa source.<\/a><\/p>\n","protected":false},"excerpt":{"rendered":"<p>A l\u2019issue de sa r\u00e9union d\u2019aujourd\u2019hui, vendredi 25 juin 2021 au si\u00e8ge du gouvernorat, et apr\u00e8s avoir discut\u00e9 de la situation sanitaire, le comit\u00e9 r\u00e9gional de lutte contre les catastrophes \u00e0 Bizerte a approuv\u00e9 l\u2019ensemble de mesures suivantes : Confinement cibl\u00e9 dirig\u00e9e \u00e0 Bizerte Sud, Bizrete Nord, Menzel Jemil et Jarzouna. Interdiction de circuler \u00e0 [&hellip;]<\/p>\n","protected":false},"author":1789,"featured_media":0,"comment_status":"closed","ping_status":"closed","sticky":false,"template":"","format":"standard","meta":{"fifu_image_url":"","fifu_image_alt":"","footnotes":""},"categories":[73,55],"tags":[],"class_list":["post-119549","post","type-post","status-publish","format-standard","hentry","category-actualite","category-tunisie"],"_links":{"self":[{"href":"https:\/\/linitiative.ca\/International\/wp-json\/wp\/v2\/posts\/119549","targetHints":{"allow":["GET"]}}],"collection":[{"href":"https:\/\/linitiative.ca\/International\/wp-json\/wp\/v2\/posts"}],"about":[{"href":"https:\/\/linitiative.ca\/International\/wp-json\/wp\/v2\/types\/post"}],"author":[{"embeddable":true,"href":"https:\/\/linitiative.ca\/International\/wp-json\/wp\/v2\/users\/1789"}],"replies":[{"embeddable":true,"href":"https:\/\/linitiative.ca\/International\/wp-json\/wp\/v2\/comments?post=119549"}],"version-history":[{"count":0,"href":"https:\/\/linitiative.ca\/International\/wp-json\/wp\/v2\/posts\/119549\/revisions"}],"wp:attachment":[{"href":"https:\/\/linitiative.ca\/International\/wp-json\/wp\/v2\/media?parent=119549"}],"wp:term":[{"taxonomy":"category","embeddable":true,"href":"https:\/\/linitiative.ca\/International\/wp-json\/wp\/v2\/categories?post=119549"},{"taxonomy":"post_tag","embeddable":true,"href":"https:\/\/linitiative.ca\/International\/wp-json\/wp\/v2\/tags?post=119549"}],"curies":[{"name":"wp","href":"https:\/\/api.w.org\/{rel}","templated":true}]}}