{"id":119550,"date":"2021-06-25T16:36:18","date_gmt":"2021-06-25T20:36:18","guid":{"rendered":"https:\/\/linitiative.ca\/International\/fethi-ayadi-ennahdha-adhere-a-un-gouvernement-dirige-par-mechichi\/"},"modified":"2021-06-25T16:36:18","modified_gmt":"2021-06-25T20:36:18","slug":"fethi-ayadi-ennahdha-adhere-a-un-gouvernement-dirige-par-mechichi","status":"publish","type":"post","link":"https:\/\/linitiative.ca\/International\/fethi-ayadi-ennahdha-adhere-a-un-gouvernement-dirige-par-mechichi\/","title":{"rendered":"Fethi Ayadi : Ennahdha adh\u00e8re \u00e0 un gouvernement dirig\u00e9 par Mechichi"},"content":{"rendered":"<div>\n<p>Le porte-parole officiel du Mouvement Ennahdha, Fethi Ayadi a indiqu\u00e9 aujourd\u2019hui, vendredi 25 juin 2021, que la rencontre entre le Pr\u00e9sident de la R\u00e9publique et le Pr\u00e9sident du Parlement avait \u00e9t\u00e9 longue et portait sur la situation g\u00e9n\u00e9rale du pays, socio-\u00e9conomique et politique. Ladite r\u00e9union a \u00e9t\u00e9 \u00e9galement l\u2019occasion d\u2019exprimer le d\u00e9sir de surmonter \u00ab [\u2026]<\/p>\n<p>L\u2019article <a href=\"https:\/\/www.tunisienumerique.com\/fethi-ayadi-ennahdha-adhere-a-un-gouvernement-dirige-par-mechichi\/\">Fethi Ayadi : Ennahdha adh\u00e8re \u00e0 un gouvernement dirig\u00e9 par Mechichi<\/a> est apparu en premier sur <a href=\"https:\/\/www.tunisienumerique.com\/\">Tunisie<\/a>.<\/p>\n<\/div>\n<p>Auteur: rania ben slimane<br \/>\n<a href=\"https:\/\/www.tunisienumerique.com\/fethi-ayadi-ennahdha-adhere-a-un-gouvernement-dirige-par-mechichi\/\">Cliquez ici pour lire l&rsquo;article depuis sa source.<\/a><\/p>\n","protected":false},"excerpt":{"rendered":"<p>Le porte-parole officiel du Mouvement Ennahdha, Fethi Ayadi a indiqu\u00e9 aujourd\u2019hui, vendredi 25 juin 2021, que la rencontre entre le Pr\u00e9sident de la R\u00e9publique et le Pr\u00e9sident du Parlement avait \u00e9t\u00e9 longue et portait sur la situation g\u00e9n\u00e9rale du pays, socio-\u00e9conomique et politique. Ladite r\u00e9union a \u00e9t\u00e9 \u00e9galement l\u2019occasion d\u2019exprimer le d\u00e9sir de surmonter \u00ab [&hellip;]<\/p>\n","protected":false},"author":1789,"featured_media":0,"comment_status":"closed","ping_status":"closed","sticky":false,"template":"","format":"standard","meta":{"fifu_image_url":"","fifu_image_alt":"","footnotes":""},"categories":[73,55],"tags":[],"class_list":["post-119550","post","type-post","status-publish","format-standard","hentry","category-actualite","category-tunisie"],"_links":{"self":[{"href":"https:\/\/linitiative.ca\/International\/wp-json\/wp\/v2\/posts\/119550","targetHints":{"allow":["GET"]}}],"collection":[{"href":"https:\/\/linitiative.ca\/International\/wp-json\/wp\/v2\/posts"}],"about":[{"href":"https:\/\/linitiative.ca\/International\/wp-json\/wp\/v2\/types\/post"}],"author":[{"embeddable":true,"href":"https:\/\/linitiative.ca\/International\/wp-json\/wp\/v2\/users\/1789"}],"replies":[{"embeddable":true,"href":"https:\/\/linitiative.ca\/International\/wp-json\/wp\/v2\/comments?post=119550"}],"version-history":[{"count":0,"href":"https:\/\/linitiative.ca\/International\/wp-json\/wp\/v2\/posts\/119550\/revisions"}],"wp:attachment":[{"href":"https:\/\/linitiative.ca\/International\/wp-json\/wp\/v2\/media?parent=119550"}],"wp:term":[{"taxonomy":"category","embeddable":true,"href":"https:\/\/linitiative.ca\/International\/wp-json\/wp\/v2\/categories?post=119550"},{"taxonomy":"post_tag","embeddable":true,"href":"https:\/\/linitiative.ca\/International\/wp-json\/wp\/v2\/tags?post=119550"}],"curies":[{"name":"wp","href":"https:\/\/api.w.org\/{rel}","templated":true}]}}