{"id":119551,"date":"2021-06-25T16:45:55","date_gmt":"2021-06-25T20:45:55","guid":{"rendered":"https:\/\/linitiative.ca\/International\/tunisie-derniere-minute-levee-de-linterdiction-de-voyage-imposee-a-sami-el-fehri\/"},"modified":"2021-06-25T16:45:55","modified_gmt":"2021-06-25T20:45:55","slug":"tunisie-derniere-minute-levee-de-linterdiction-de-voyage-imposee-a-sami-el-fehri","status":"publish","type":"post","link":"https:\/\/linitiative.ca\/International\/tunisie-derniere-minute-levee-de-linterdiction-de-voyage-imposee-a-sami-el-fehri\/","title":{"rendered":"Tunisie-Derni\u00e8re minute : Lev\u00e9e de l\u2019interdiction de voyage impos\u00e9e \u00e0 Sami El Fehri"},"content":{"rendered":"<div>\n<p>Une source m\u00e9diatique a annonc\u00e9 aujourd\u2019hui 25 juin 2021, que le juge d\u2019instruction du P\u00f4le judiciaire financier a rendu une d\u00e9cision de lev\u00e9e de l\u2019interdiction de voyage impos\u00e9e au propri\u00e9taire de la cha\u00eene tunisienne El Hiwar Ettounsi, Sami El Fehri.<\/p>\n<p>L\u2019article <a href=\"https:\/\/www.tunisienumerique.com\/tunisie-derniere-minute-levee-de-linterdiction-de-voyage-imposee-a-sami-el-fehri\/\">Tunisie-Derni\u00e8re minute : Lev\u00e9e de l\u2019interdiction de voyage impos\u00e9e \u00e0 Sami El Fehri<\/a> est apparu en premier sur <a href=\"https:\/\/www.tunisienumerique.com\/\">Tunisie<\/a>.<\/p>\n<\/div>\n<p>Auteur: rania ben slimane<br \/>\n<a href=\"https:\/\/www.tunisienumerique.com\/tunisie-derniere-minute-levee-de-linterdiction-de-voyage-imposee-a-sami-el-fehri\/\">Cliquez ici pour lire l&rsquo;article depuis sa source.<\/a><\/p>\n","protected":false},"excerpt":{"rendered":"<p>Une source m\u00e9diatique a annonc\u00e9 aujourd\u2019hui 25 juin 2021, que le juge d\u2019instruction du P\u00f4le judiciaire financier a rendu une d\u00e9cision de lev\u00e9e de l\u2019interdiction de voyage impos\u00e9e au propri\u00e9taire de la cha\u00eene tunisienne El Hiwar Ettounsi, Sami El Fehri. L\u2019article Tunisie-Derni\u00e8re minute : Lev\u00e9e de l\u2019interdiction de voyage impos\u00e9e \u00e0 Sami El Fehri est [&hellip;]<\/p>\n","protected":false},"author":1789,"featured_media":0,"comment_status":"closed","ping_status":"closed","sticky":false,"template":"","format":"standard","meta":{"fifu_image_url":"","fifu_image_alt":"","footnotes":""},"categories":[73,55],"tags":[],"class_list":["post-119551","post","type-post","status-publish","format-standard","hentry","category-actualite","category-tunisie"],"_links":{"self":[{"href":"https:\/\/linitiative.ca\/International\/wp-json\/wp\/v2\/posts\/119551","targetHints":{"allow":["GET"]}}],"collection":[{"href":"https:\/\/linitiative.ca\/International\/wp-json\/wp\/v2\/posts"}],"about":[{"href":"https:\/\/linitiative.ca\/International\/wp-json\/wp\/v2\/types\/post"}],"author":[{"embeddable":true,"href":"https:\/\/linitiative.ca\/International\/wp-json\/wp\/v2\/users\/1789"}],"replies":[{"embeddable":true,"href":"https:\/\/linitiative.ca\/International\/wp-json\/wp\/v2\/comments?post=119551"}],"version-history":[{"count":0,"href":"https:\/\/linitiative.ca\/International\/wp-json\/wp\/v2\/posts\/119551\/revisions"}],"wp:attachment":[{"href":"https:\/\/linitiative.ca\/International\/wp-json\/wp\/v2\/media?parent=119551"}],"wp:term":[{"taxonomy":"category","embeddable":true,"href":"https:\/\/linitiative.ca\/International\/wp-json\/wp\/v2\/categories?post=119551"},{"taxonomy":"post_tag","embeddable":true,"href":"https:\/\/linitiative.ca\/International\/wp-json\/wp\/v2\/tags?post=119551"}],"curies":[{"name":"wp","href":"https:\/\/api.w.org\/{rel}","templated":true}]}}