{"id":119552,"date":"2021-06-25T16:52:19","date_gmt":"2021-06-25T20:52:19","guid":{"rendered":"https:\/\/linitiative.ca\/International\/kairouan-coronavirus-ajustement-des-horaires-du-couvre-feu\/"},"modified":"2021-06-25T16:52:19","modified_gmt":"2021-06-25T20:52:19","slug":"kairouan-coronavirus-ajustement-des-horaires-du-couvre-feu","status":"publish","type":"post","link":"https:\/\/linitiative.ca\/International\/kairouan-coronavirus-ajustement-des-horaires-du-couvre-feu\/","title":{"rendered":"Kairouan-Coronavirus: Ajustement des horaires du couvre-feu"},"content":{"rendered":"<div>\n<p>Le Gouverneur de Kairouan a annonc\u00e9 ce soir 25 juin 2021, l\u2019ajustement des horaires du couvre-feu de 20H00 jusqu\u2019\u00e0 05H00. Il a \u00e9galement d\u00e9cid\u00e9 d\u2019assurer la continuit\u00e9 minimale de l\u2019activit\u00e9 des entreprises industrielles.<\/p>\n<p>L\u2019article <a href=\"https:\/\/www.tunisienumerique.com\/kairouan-coronavirus-ajustement-des-horaires-du-couvre-feu\/\">Kairouan-Coronavirus: Ajustement des horaires du couvre-feu<\/a> est apparu en premier sur <a href=\"https:\/\/www.tunisienumerique.com\/\">Tunisie<\/a>.<\/p>\n<\/div>\n<p>Auteur: rania ben slimane<br \/>\n<a href=\"https:\/\/www.tunisienumerique.com\/kairouan-coronavirus-ajustement-des-horaires-du-couvre-feu\/\">Cliquez ici pour lire l&rsquo;article depuis sa source.<\/a><\/p>\n","protected":false},"excerpt":{"rendered":"<p>Le Gouverneur de Kairouan a annonc\u00e9 ce soir 25 juin 2021, l\u2019ajustement des horaires du couvre-feu de 20H00 jusqu\u2019\u00e0 05H00. Il a \u00e9galement d\u00e9cid\u00e9 d\u2019assurer la continuit\u00e9 minimale de l\u2019activit\u00e9 des entreprises industrielles. L\u2019article Kairouan-Coronavirus: Ajustement des horaires du couvre-feu est apparu en premier sur Tunisie. Auteur: rania ben slimane Cliquez ici pour lire l&rsquo;article [&hellip;]<\/p>\n","protected":false},"author":1789,"featured_media":0,"comment_status":"closed","ping_status":"closed","sticky":false,"template":"","format":"standard","meta":{"fifu_image_url":"","fifu_image_alt":"","footnotes":""},"categories":[73,55],"tags":[],"class_list":["post-119552","post","type-post","status-publish","format-standard","hentry","category-actualite","category-tunisie"],"_links":{"self":[{"href":"https:\/\/linitiative.ca\/International\/wp-json\/wp\/v2\/posts\/119552","targetHints":{"allow":["GET"]}}],"collection":[{"href":"https:\/\/linitiative.ca\/International\/wp-json\/wp\/v2\/posts"}],"about":[{"href":"https:\/\/linitiative.ca\/International\/wp-json\/wp\/v2\/types\/post"}],"author":[{"embeddable":true,"href":"https:\/\/linitiative.ca\/International\/wp-json\/wp\/v2\/users\/1789"}],"replies":[{"embeddable":true,"href":"https:\/\/linitiative.ca\/International\/wp-json\/wp\/v2\/comments?post=119552"}],"version-history":[{"count":0,"href":"https:\/\/linitiative.ca\/International\/wp-json\/wp\/v2\/posts\/119552\/revisions"}],"wp:attachment":[{"href":"https:\/\/linitiative.ca\/International\/wp-json\/wp\/v2\/media?parent=119552"}],"wp:term":[{"taxonomy":"category","embeddable":true,"href":"https:\/\/linitiative.ca\/International\/wp-json\/wp\/v2\/categories?post=119552"},{"taxonomy":"post_tag","embeddable":true,"href":"https:\/\/linitiative.ca\/International\/wp-json\/wp\/v2\/tags?post=119552"}],"curies":[{"name":"wp","href":"https:\/\/api.w.org\/{rel}","templated":true}]}}