{"id":119553,"date":"2021-06-25T07:58:13","date_gmt":"2021-06-25T11:58:13","guid":{"rendered":"https:\/\/linitiative.ca\/International\/situation-securitaire-au-burkina-le-cfop-annonce-la-suspension-de-sa-participation-au-dialogue-politique-les-3-et-4-juillet-prochain\/"},"modified":"2021-06-25T07:58:13","modified_gmt":"2021-06-25T11:58:13","slug":"situation-securitaire-au-burkina-le-cfop-annonce-la-suspension-de-sa-participation-au-dialogue-politique-les-3-et-4-juillet-prochain","status":"publish","type":"post","link":"https:\/\/linitiative.ca\/International\/situation-securitaire-au-burkina-le-cfop-annonce-la-suspension-de-sa-participation-au-dialogue-politique-les-3-et-4-juillet-prochain\/","title":{"rendered":"Situation s\u00e9curitaire au Burkina : Le CFOP annonce la suspension de sa participation au dialogue politique les 3 et 4 juillet prochain."},"content":{"rendered":"<div>\n<p>L\u2019opposition politique burkinab\u00e8 (CFOP) a annonc\u00e9 ce vendredi 25 juin 2021 \u00e0 Ouagadougou, la suspension de sa participation au dialogue politique qui se tiendra les 3 et 4 juillet 2021. Il compte organiser \u00e0 la m\u00eame date, une marche silencieuse sur toute l\u2019\u00e9tendue du territoire pour d\u00e9noncer la d\u00e9gradation de la situation s\u00e9curitaire du pays.<\/p>\n<p><strong>La R\u00e9daction<\/strong><\/p>\n<p>L\u2019article <a rel=\"nofollow\" href=\"https:\/\/www.sidwaya.info\/blog\/2021\/06\/25\/situation-securitaire-au-burkina-le-cfop-annonce-la-suspension-de-sa-participation-au-dialogue-politique-les-3-et-4-juillet-prochain\/\">Situation s\u00e9curitaire au Burkina : Le CFOP annonce la suspension de sa participation au dialogue politique les 3 et 4 juillet prochain.<\/a> est apparu en premier sur <a rel=\"nofollow\" href=\"https:\/\/www.sidwaya.info\/\">Quotidien Sidwaya<\/a>.<\/p>\n<\/div>\n<p>Auteur: Wamini SIDWAYA<br \/>\n<a href=\"https:\/\/www.sidwaya.info\/blog\/2021\/06\/25\/situation-securitaire-au-burkina-le-cfop-annonce-la-suspension-de-sa-participation-au-dialogue-politique-les-3-et-4-juillet-prochain\/\">Cliquez ici pour lire l&rsquo;article depuis sa source.<\/a><\/p>\n","protected":false},"excerpt":{"rendered":"<p>L\u2019opposition politique burkinab\u00e8 (CFOP) a annonc\u00e9 ce vendredi 25 juin 2021 \u00e0 Ouagadougou, la suspension de sa participation au dialogue politique qui se tiendra les 3 et 4 juillet 2021. Il compte organiser \u00e0 la m\u00eame date, une marche silencieuse sur toute l\u2019\u00e9tendue du territoire pour d\u00e9noncer la d\u00e9gradation de la situation s\u00e9curitaire du pays. [&hellip;]<\/p>\n","protected":false},"author":1816,"featured_media":0,"comment_status":"closed","ping_status":"closed","sticky":false,"template":"","format":"standard","meta":{"fifu_image_url":"","fifu_image_alt":"","footnotes":""},"categories":[73,81],"tags":[],"class_list":["post-119553","post","type-post","status-publish","format-standard","hentry","category-actualite","category-burkina-faso"],"_links":{"self":[{"href":"https:\/\/linitiative.ca\/International\/wp-json\/wp\/v2\/posts\/119553","targetHints":{"allow":["GET"]}}],"collection":[{"href":"https:\/\/linitiative.ca\/International\/wp-json\/wp\/v2\/posts"}],"about":[{"href":"https:\/\/linitiative.ca\/International\/wp-json\/wp\/v2\/types\/post"}],"author":[{"embeddable":true,"href":"https:\/\/linitiative.ca\/International\/wp-json\/wp\/v2\/users\/1816"}],"replies":[{"embeddable":true,"href":"https:\/\/linitiative.ca\/International\/wp-json\/wp\/v2\/comments?post=119553"}],"version-history":[{"count":0,"href":"https:\/\/linitiative.ca\/International\/wp-json\/wp\/v2\/posts\/119553\/revisions"}],"wp:attachment":[{"href":"https:\/\/linitiative.ca\/International\/wp-json\/wp\/v2\/media?parent=119553"}],"wp:term":[{"taxonomy":"category","embeddable":true,"href":"https:\/\/linitiative.ca\/International\/wp-json\/wp\/v2\/categories?post=119553"},{"taxonomy":"post_tag","embeddable":true,"href":"https:\/\/linitiative.ca\/International\/wp-json\/wp\/v2\/tags?post=119553"}],"curies":[{"name":"wp","href":"https:\/\/api.w.org\/{rel}","templated":true}]}}