{"id":119554,"date":"2021-06-25T08:49:57","date_gmt":"2021-06-25T12:49:57","guid":{"rendered":"https:\/\/linitiative.ca\/International\/situation-securitaire-nationalele-cfop-suspend-sa-participation-au-dialogue-politique\/"},"modified":"2021-06-25T08:49:57","modified_gmt":"2021-06-25T12:49:57","slug":"situation-securitaire-nationalele-cfop-suspend-sa-participation-au-dialogue-politique","status":"publish","type":"post","link":"https:\/\/linitiative.ca\/International\/situation-securitaire-nationalele-cfop-suspend-sa-participation-au-dialogue-politique\/","title":{"rendered":"Situation s\u00e9curitaire nationale:Le CFOP suspend sa participation au dialogue politique"},"content":{"rendered":"<div>\n<p><strong>Le Chef de file de l\u2019opposition politique (CFOP) a anim\u00e9, le vendredi 25 juin 2021, \u00e0 Ouagadougou, une conf\u00e9rence de presse au cours de laquelle il a annonc\u00e9 la suspension de sa participation au dialogue politique, les 3 et 4 juillet prochain et l\u2019organisation, \u00e0 la m\u00eame date, d\u2019une marche silencieuse pour d\u00e9noncer la d\u00e9gradation de la situation s\u00e9curitaire.<\/strong><\/p>\n<p>Impuissant, le gouvernement burkinab\u00e8 est m\u00eame devenu insensible au \u00ab\u00a0<em>carnage<\/em>\u00a0\u00bb des civils et des Forces de d\u00e9fense et de s\u00e9curit\u00e9 (FDS) caus\u00e9 par les attaques terroristes \u00e0 travers le pays. C\u2019est la conclusion \u00e0 laquelle l\u2019opposition politique est arriv\u00e9e. Pour d\u00e9noncer cette \u00ab\u00a0<em>incapacit\u00e9<\/em>\u00a0\u00bb, elle suspend sa participation au dialogue politique les 3 et 4 avril prochain et compte organiser, pendant ces deux jours et dans les 45 provinces, des marches silencieuses, pacifiques et r\u00e9publicaines. C\u2019est la substance de la conf\u00e9rence de presse que le Chef de file de l\u2019opposition politique (CFOP) a anim\u00e9e, le vendredi 25 juin 2021 \u00e0 Ouagadougou. Pour permettre aux Burkinab\u00e8 \u00ab\u00a0<em>d\u00e9sabus\u00e9s<\/em>\u00a0\u00bb par la recrudescence des attaques aux bilans de plus en plus lourds, le CFOP, Eddie Kombo\u00efgo, a appel\u00e9 les organisations de la soci\u00e9t\u00e9 civile, les militants des partis politiques de l\u2019opposition et ceux de la majorit\u00e9 \u00e0\u00a0 sortir massivement pour la marche. \u00ab\u00a0<em>Cette marche n\u2019est pas celle de l\u2019opposition. Elle est une marche de tous les Burkinab\u00e8 pour demander au gouvernement d\u2019assurer leur s\u00e9curit\u00e9 et celle de leurs biens. J\u2019appelle les militants des partis de la Majorit\u00e9 \u00e0 se joindre \u00e0 nous pour exprimer leur ras-le-bol<\/em>\u00a0\u00bb, a lanc\u00e9 Eddie Kombo\u00efgo. A la m\u00eame occasion, le CFOP et ses camarades ont r\u00e9affirm\u00e9 leur demande de d\u00e9mission du Premier ministre et du ministre en charge de la d\u00e9fense. Cette d\u00e9mission est-elle la solution \u00e0 la situation s\u00e9curitaire\u00a0? En r\u00e9ponse \u00e0 cette question de la presse, Eddie Kombo\u00efgo, a pr\u00e9cis\u00e9 qu\u2019ailleurs, on n\u2019avait pas besoin de demander leur d\u00e9mission. \u00ab\u00a0<em>Ailleurs, quand on est incapable d\u2019assumer sa fonction, on rend le tablier. L\u2019opposition n\u2019avait pas besoin de demander leur d\u00e9mission\u00a0<\/em>\u00bb, a-t-il dit.<\/p>\n<p>Le CFOP s\u2019est par ailleurs offusqu\u00e9 des soup\u00e7ons de d\u00e9tournement de fonds publics qui p\u00e8sent sur le Directeur de cabinet du pr\u00e9sident du Faso avant d\u2019appeler la justice \u00e0 faire toute la lumi\u00e8re sur cette affaire.<\/p>\n<p><strong>Jean-Marie TOE<\/strong><\/p>\n<p>L\u2019article <a rel=\"nofollow\" href=\"https:\/\/www.sidwaya.info\/blog\/2021\/06\/25\/situation-securitaire-nationalele-cfop-suspend-sa-participation-au-dialogue-politique\/\">Situation s\u00e9curitaire nationale:Le CFOP suspend sa participation au dialogue politique<\/a> est apparu en premier sur <a rel=\"nofollow\" href=\"https:\/\/www.sidwaya.info\/\">Quotidien Sidwaya<\/a>.<\/p>\n<\/div>\n<p>Auteur: Wamini SIDWAYA<br \/>\n<a href=\"https:\/\/www.sidwaya.info\/blog\/2021\/06\/25\/situation-securitaire-nationalele-cfop-suspend-sa-participation-au-dialogue-politique\/\">Cliquez ici pour lire l&rsquo;article depuis sa source.<\/a><\/p>\n","protected":false},"excerpt":{"rendered":"<p>Le Chef de file de l\u2019opposition politique (CFOP) a anim\u00e9, le vendredi 25 juin 2021, \u00e0 Ouagadougou, une conf\u00e9rence de presse au cours de laquelle il a annonc\u00e9 la suspension de sa participation au dialogue politique, les 3 et 4 juillet prochain et l\u2019organisation, \u00e0 la m\u00eame date, d\u2019une marche silencieuse pour d\u00e9noncer la d\u00e9gradation [&hellip;]<\/p>\n","protected":false},"author":1816,"featured_media":0,"comment_status":"closed","ping_status":"closed","sticky":false,"template":"","format":"standard","meta":{"fifu_image_url":"","fifu_image_alt":"","footnotes":""},"categories":[73,81],"tags":[],"class_list":["post-119554","post","type-post","status-publish","format-standard","hentry","category-actualite","category-burkina-faso"],"_links":{"self":[{"href":"https:\/\/linitiative.ca\/International\/wp-json\/wp\/v2\/posts\/119554","targetHints":{"allow":["GET"]}}],"collection":[{"href":"https:\/\/linitiative.ca\/International\/wp-json\/wp\/v2\/posts"}],"about":[{"href":"https:\/\/linitiative.ca\/International\/wp-json\/wp\/v2\/types\/post"}],"author":[{"embeddable":true,"href":"https:\/\/linitiative.ca\/International\/wp-json\/wp\/v2\/users\/1816"}],"replies":[{"embeddable":true,"href":"https:\/\/linitiative.ca\/International\/wp-json\/wp\/v2\/comments?post=119554"}],"version-history":[{"count":0,"href":"https:\/\/linitiative.ca\/International\/wp-json\/wp\/v2\/posts\/119554\/revisions"}],"wp:attachment":[{"href":"https:\/\/linitiative.ca\/International\/wp-json\/wp\/v2\/media?parent=119554"}],"wp:term":[{"taxonomy":"category","embeddable":true,"href":"https:\/\/linitiative.ca\/International\/wp-json\/wp\/v2\/categories?post=119554"},{"taxonomy":"post_tag","embeddable":true,"href":"https:\/\/linitiative.ca\/International\/wp-json\/wp\/v2\/tags?post=119554"}],"curies":[{"name":"wp","href":"https:\/\/api.w.org\/{rel}","templated":true}]}}