{"id":119557,"date":"2021-06-25T10:37:35","date_gmt":"2021-06-25T14:37:35","guid":{"rendered":"https:\/\/linitiative.ca\/International\/cameroun-1000-personnes-vaccinees-contre-le-covid-19\/"},"modified":"2021-06-25T10:37:35","modified_gmt":"2021-06-25T14:37:35","slug":"cameroun-1000-personnes-vaccinees-contre-le-covid-19","status":"publish","type":"post","link":"https:\/\/linitiative.ca\/International\/cameroun-1000-personnes-vaccinees-contre-le-covid-19\/","title":{"rendered":"Cameroun : 1000 personnes vaccin\u00e9es contre le Covid-19"},"content":{"rendered":"<div>\n<p><img loading=\"lazy\" decoding=\"async\" width=\"500\" height=\"333\" src=\"https:\/\/linitiative.ca\/International\/wp-content\/uploads\/sites\/23\/2021\/06\/Le-ministre-Laurent-Serge-Etoundi-Ngoa-recevant-le-vaccin-anti-Covid-19.jpg\" class=\"attachment-post-thumbnail size-post-thumbnail wp-post-image\" alt=\"\" srcset=\"https:\/\/linitiative.ca\/International\/wp-content\/uploads\/sites\/23\/2021\/06\/Le-ministre-Laurent-Serge-Etoundi-Ngoa-recevant-le-vaccin-anti-Covid-19.jpg 500w, https:\/\/www.journalducameroun.com\/wp-content\/uploads\/2021\/06\/Le-ministre-Laurent-Serge-Etoundi-Ngoa-recevant-le-vaccin-anti-Covid-19-300x200.jpg 300w\" sizes=\"auto, (max-width: 500px) 100vw, 500px\"><\/p>\n<h5 style=\"text-align: justify;\">\u00a0C\u2019est le nombre atteint apr\u00e8s trois mois de vaccination. Tr\u00e8s peu pour le gouvernement qui met un accent sur la sensibilisation.<\/h5>\n<p style=\"text-align: justify;\">Lors du Conseil de cabinet tenu jeudi autour du chef du gouvernement, le ministre de la Sant\u00e9 publique a indiqu\u00e9 que le pays vient de franchir la barre des 1000 vaccin\u00e9s contre le Covid-19,\u00a0 apr\u00e8s trois mois de campagne.<\/p>\n<p style=\"text-align: justify;\">Lors du lancement de ladite campagne en avril dernier, l\u2019objectif \u00e9tait de vacciner 7000 personnes au 31 juillet. A un mois de l\u2019\u00e9ch\u00e9ance, seulement 10\u00a0% de personnes ont \u00e9t\u00e9 inocul\u00e9es.<\/p>\n<p style=\"text-align: justify;\">Le ministre de la sant\u00e9 a rappel\u00e9 qu\u2019une intensification de la campagne de vaccination est pr\u00e9vue du 7 au 11 juillet prochain. L\u2019un des objectifs est de vacciner au moins 5000 personnes par jour. Le gouvernement s\u2019\u00e9tait engag\u00e9 \u00e0 vacciner 5 millions de citoyens d\u2019ici la fin de l\u2019ann\u00e9e.<\/p>\n<p style=\"text-align: justify;\">591\u2009200 doses ont \u00e9t\u00e9 re\u00e7ues depuis avril dernier. Du fait de la r\u00e9ticence de la population, certains m\u00e9decins redoutent une p\u00e9remption imminente du premier stock.<\/p>\n<p>Cet article <a rel=\"nofollow\" href=\"https:\/\/www.journalducameroun.com\/cameroun-1000-personnes-vaccinees-contre-le-covid-19\/\">Cameroun : 1000 personnes vaccin\u00e9es contre le Covid-19<\/a> est apparu en premier sur <a rel=\"nofollow\" href=\"https:\/\/www.journalducameroun.com\/\">Journal du Cameroun<\/a>.<\/p>\n<\/div>\n<p>Auteur: Christian DJIMADEU<br \/>\n<a href=\"https:\/\/www.journalducameroun.com\/cameroun-1000-personnes-vaccinees-contre-le-covid-19\/\">Cliquez ici pour lire l&rsquo;article depuis sa source.<\/a><\/p>\n","protected":false},"excerpt":{"rendered":"<p>\u00a0C\u2019est le nombre atteint apr\u00e8s trois mois de vaccination. Tr\u00e8s peu pour le gouvernement qui met un accent sur la sensibilisation. Lors du Conseil de cabinet tenu jeudi autour du chef du gouvernement, le ministre de la Sant\u00e9 publique a indiqu\u00e9 que le pays vient de franchir la barre des 1000 vaccin\u00e9s contre le Covid-19,\u00a0 [&hellip;]<\/p>\n","protected":false},"author":1965,"featured_media":0,"comment_status":"closed","ping_status":"closed","sticky":false,"template":"","format":"standard","meta":{"fifu_image_url":"https:\/\/www.journalducameroun.com\/wp-content\/uploads\/2021\/06\/Le-ministre-Laurent-Serge-Etoundi-Ngoa-recevant-le-vaccin-anti-Covid-19.jpg","fifu_image_alt":"Cameroun : 1000 personnes vaccin\u00e9es contre le Covid-19","footnotes":""},"categories":[73,82],"tags":[],"class_list":["post-119557","post","type-post","status-publish","format-standard","hentry","category-actualite","category-cameroun"],"_links":{"self":[{"href":"https:\/\/linitiative.ca\/International\/wp-json\/wp\/v2\/posts\/119557","targetHints":{"allow":["GET"]}}],"collection":[{"href":"https:\/\/linitiative.ca\/International\/wp-json\/wp\/v2\/posts"}],"about":[{"href":"https:\/\/linitiative.ca\/International\/wp-json\/wp\/v2\/types\/post"}],"author":[{"embeddable":true,"href":"https:\/\/linitiative.ca\/International\/wp-json\/wp\/v2\/users\/1965"}],"replies":[{"embeddable":true,"href":"https:\/\/linitiative.ca\/International\/wp-json\/wp\/v2\/comments?post=119557"}],"version-history":[{"count":0,"href":"https:\/\/linitiative.ca\/International\/wp-json\/wp\/v2\/posts\/119557\/revisions"}],"wp:attachment":[{"href":"https:\/\/linitiative.ca\/International\/wp-json\/wp\/v2\/media?parent=119557"}],"wp:term":[{"taxonomy":"category","embeddable":true,"href":"https:\/\/linitiative.ca\/International\/wp-json\/wp\/v2\/categories?post=119557"},{"taxonomy":"post_tag","embeddable":true,"href":"https:\/\/linitiative.ca\/International\/wp-json\/wp\/v2\/tags?post=119557"}],"curies":[{"name":"wp","href":"https:\/\/api.w.org\/{rel}","templated":true}]}}