{"id":119559,"date":"2021-06-25T11:01:23","date_gmt":"2021-06-25T15:01:23","guid":{"rendered":"https:\/\/linitiative.ca\/International\/martin-camus-mimb-a-genoux-demande-pardon-a-malicka-et-au-peuple-camerounais\/"},"modified":"2021-06-25T11:01:23","modified_gmt":"2021-06-25T15:01:23","slug":"martin-camus-mimb-a-genoux-demande-pardon-a-malicka-et-au-peuple-camerounais","status":"publish","type":"post","link":"https:\/\/linitiative.ca\/International\/martin-camus-mimb-a-genoux-demande-pardon-a-malicka-et-au-peuple-camerounais\/","title":{"rendered":"Martin Camus Mimb \u00e0 genoux, demande pardon \u00e0 Malicka et au peuple camerounais"},"content":{"rendered":"<div>\n<p><img loading=\"lazy\" decoding=\"async\" width=\"900\" height=\"508\" src=\"https:\/\/linitiative.ca\/International\/wp-content\/uploads\/sites\/23\/2021\/06\/martin_camus_mimb_people237.jpg\" class=\"attachment-post-thumbnail size-post-thumbnail wp-post-image\" alt=\"\" srcset=\"https:\/\/linitiative.ca\/International\/wp-content\/uploads\/sites\/23\/2021\/06\/martin_camus_mimb_people237.jpg 900w, https:\/\/www.journalducameroun.com\/wp-content\/uploads\/2021\/06\/martin_camus_mimb_people237-300x169.jpg 300w, https:\/\/www.journalducameroun.com\/wp-content\/uploads\/2021\/06\/martin_camus_mimb_people237-768x433.jpg 768w, https:\/\/www.journalducameroun.com\/wp-content\/uploads\/2021\/06\/martin_camus_mimb_people237-780x440.jpg 780w, https:\/\/www.journalducameroun.com\/wp-content\/uploads\/2021\/06\/martin_camus_mimb_people237-380x215.jpg 380w, https:\/\/www.journalducameroun.com\/wp-content\/uploads\/2021\/06\/martin_camus_mimb_people237-160x90.jpg 160w, https:\/\/www.journalducameroun.com\/wp-content\/uploads\/2021\/06\/martin_camus_mimb_people237-240x135.jpg 240w, https:\/\/www.journalducameroun.com\/wp-content\/uploads\/2021\/06\/martin_camus_mimb_people237-600x339.jpg 600w\" sizes=\"auto, (max-width: 900px) 100vw, 900px\"><\/p>\n<h5 style=\"text-align: justify;\">Face \u00e0 la presse en compagnie de son \u00e9pouse ce 25 juin 2021, le\u00a0 c\u00e9l\u00e8bre journaliste emp\u00eatr\u00e9 dans un scandale exprime tous ses regrets.<\/h5>\n<p>\u00a0<\/p>\n<p style=\"text-align: justify;\"><strong>D\u00e9claration de Martin Camus MIMB<\/strong><\/p>\n<p style=\"text-align: justify;\">Mesdames et Messieurs<\/p>\n<p style=\"text-align: justify;\">Permettez-moi de vous remercier tr\u00e8s sinc\u00e8rement du fond du c\u0153ur d&rsquo;\u00eatre pr\u00e9sents dans cette salle.<\/p>\n<p style=\"text-align: justify;\">Le 16 Juin 2021 aux environs de 16h, les r\u00e9seaux sociaux ont \u00e9t\u00e9 inond\u00e9s de photos et vid\u00e9os prises dans les locaux de notre entreprise. Submerg\u00e9 par la d\u00e9ferlante des messages, ai \u00e9t\u00e9 troubl\u00e9 par cette situation in\u00e9dite dans ma vie. Devant Dieu et les hommes je regrette cette situation malheureuse.<\/p>\n<p style=\"text-align: justify;\">Permettez-moi de m&rsquo;adresser \u00e0 la victime que j&rsquo;imagine durement \u00e9prouv\u00e9e, Malika, toi dont la dignit\u00e9 et l&rsquo;honneur ont \u00e9t\u00e9 bafou\u00e9s, je te demande pardon. En tant qu&rsquo;homme, grand fr\u00e8re et p\u00e8re, je regrette tout ce qui s&rsquo;est produit. Je prie le Seigneur de te fortifier et de te permettre de traverser cette \u00e9tape tout en gardant foi et confiance en la vie.<\/p>\n<p style=\"text-align: justify;\">Je voudrais \u00e0 pr\u00e9sent m&rsquo;adresser \u00e0 ta famille qui s&rsquo;est brusquement retrouv\u00e9e sur les feux des projecteurs sans son consentement, malgr\u00e9 elle. J\u2019imagine votre col\u00e8re et votre souffrance de voir l&rsquo;intimit\u00e9 de votre enfant ainsi d\u00e9voil\u00e9e et mise sur la place publique. Je ne sais pas si vous aurez la force de pardonner, mais je vous le demande humblement. Toute fois dans l&rsquo;int\u00e9r\u00eat de Malika, je vous souhaite l\u2019apaisement des c\u0153urs. Permettons-lui de retrouver cet anonymat protecteur et cette tranquillit\u00e9 qui lui permettront de se reconstruire.<\/p>\n<p style=\"text-align: justify;\">Mes excuses les plus sinc\u00e8res, je les pr\u00e9sente \u00e0 toutes ces femmes et \u00e0 tous ces hommes qui ont \u00e9t\u00e9 choqu\u00e9s. Je pense particuli\u00e8rement aux personnes fragiles que j&rsquo;accompagne. A ces handicap\u00e9s hommes et femmes, jeunes et vieux qui gr\u00e2ce \u00e0 mes actions ont retrouv\u00e9 un peu d&rsquo;espoir et de confiance. J&rsquo;imagine votre peine et votre souffrance. Vous m&rsquo;avez port\u00e9 dans vos c\u0153ur et pri\u00e8res depuis le d\u00e9but de mon handicap jusqu&rsquo;\u00e0 ce jour.<\/p>\n<p style=\"text-align: justify;\">En ces moments douloureux que je traverse avec vous, j&rsquo;ai \u00e9galement une pens\u00e9e \u00e9mue pour ma maison d&rsquo;Edition, qui m&rsquo;a fait confiance et s&rsquo;est investie humainement, financi\u00e8rement, et \u00e9motionnellement pour faire connaitre mon histoire au monde entier \u00e0 travers l&rsquo;\u00e9dition de mon livre. Aujourd&rsquo;hui elle se\u00a0 retrouve dans une situation particuli\u00e8rement embarrassante. J&rsquo;en suis profond\u00e9ment d\u00e9sol\u00e9.<\/p>\n<p style=\"text-align: justify;\">A vous mes amis qui m&rsquo;avez soutenu de bonne foi et vous estimez trahis. Je regrette profond\u00e9ment et vous promets de faire des efforts pour m\u00e9riter votre amiti\u00e9 pr\u00e9cieuse.<\/p>\n<p style=\"text-align: justify;\">Enfin, \u00e0 ma femme ici pr\u00e9sente et \u00e0 mes enfants, je demande pardon. Pardon<\/p>\n<p style=\"text-align: justify;\">d&rsquo;avoir fait de votre vie un enfer. Milan Kundera disait \u00a0\u00a0\u00bb <em>Vivre dans un monde o\u00f9 nul n&rsquo;est pardonn\u00e9, ou r\u00e9demption est refus\u00e9e, C&rsquo;est comme vivre en enfer<\/em>\u00a0\u00bb Oui notre vie actuelle est devenue un enfer, je ne le souhaite \u00e0 personne.<\/p>\n<p style=\"text-align: justify;\">Mesdames, Messieurs,<\/p>\n<p style=\"text-align: justify;\">A compt\u00e9 de ce jour, mes comptes sur les r\u00e9seaux sociaux (Facebook; Instagram) resteront inactifs.<\/p>\n<p style=\"text-align: justify;\">Je me tourne humblement vers le seigneur et lui dis: je viens vers toi Seigneur.<\/p>\n<p style=\"text-align: justify;\">Dans ta mis\u00e9ricorde et ta bont\u00e9 infinie, tu pardonnes toujours. Je me mets \u00e0 genoux devant toi et je prie.<\/p>\n<p style=\"text-align: justify;\">Je vous remercie.<\/p>\n<p>\u00a0<\/p>\n<p>* <strong>Le titre de l&rsquo;article est de la r\u00e9daction.<\/strong><\/p>\n<p style=\"text-align: justify;\">\n<p>Cet article <a rel=\"nofollow\" href=\"https:\/\/www.journalducameroun.com\/cameroun-19-cameroun-3\/\">Martin Camus Mimb \u00e0 genoux, demande pardon \u00e0 Malicka et au peuple camerounais<\/a> est apparu en premier sur <a rel=\"nofollow\" href=\"https:\/\/www.journalducameroun.com\/\">Journal du Cameroun<\/a>.<\/p>\n<\/div>\n<p>Auteur: Christian DJIMADEU<br \/>\n<a href=\"https:\/\/www.journalducameroun.com\/cameroun-19-cameroun-3\/\">Cliquez ici pour lire l&rsquo;article depuis sa source.<\/a><\/p>\n","protected":false},"excerpt":{"rendered":"<p>Face \u00e0 la presse en compagnie de son \u00e9pouse ce 25 juin 2021, le\u00a0 c\u00e9l\u00e8bre journaliste emp\u00eatr\u00e9 dans un scandale exprime tous ses regrets. \u00a0 D\u00e9claration de Martin Camus MIMB Mesdames et Messieurs Permettez-moi de vous remercier tr\u00e8s sinc\u00e8rement du fond du c\u0153ur d&rsquo;\u00eatre pr\u00e9sents dans cette salle. Le 16 Juin 2021 aux environs de [&hellip;]<\/p>\n","protected":false},"author":1965,"featured_media":0,"comment_status":"closed","ping_status":"closed","sticky":false,"template":"","format":"standard","meta":{"fifu_image_url":"https:\/\/www.journalducameroun.com\/wp-content\/uploads\/2021\/06\/martin_camus_mimb_people237.jpg","fifu_image_alt":"Martin Camus Mimb \u00e0 genoux, demande pardon \u00e0 Malicka et au peuple camerounais","footnotes":""},"categories":[73,82],"tags":[],"class_list":["post-119559","post","type-post","status-publish","format-standard","hentry","category-actualite","category-cameroun"],"_links":{"self":[{"href":"https:\/\/linitiative.ca\/International\/wp-json\/wp\/v2\/posts\/119559","targetHints":{"allow":["GET"]}}],"collection":[{"href":"https:\/\/linitiative.ca\/International\/wp-json\/wp\/v2\/posts"}],"about":[{"href":"https:\/\/linitiative.ca\/International\/wp-json\/wp\/v2\/types\/post"}],"author":[{"embeddable":true,"href":"https:\/\/linitiative.ca\/International\/wp-json\/wp\/v2\/users\/1965"}],"replies":[{"embeddable":true,"href":"https:\/\/linitiative.ca\/International\/wp-json\/wp\/v2\/comments?post=119559"}],"version-history":[{"count":0,"href":"https:\/\/linitiative.ca\/International\/wp-json\/wp\/v2\/posts\/119559\/revisions"}],"wp:attachment":[{"href":"https:\/\/linitiative.ca\/International\/wp-json\/wp\/v2\/media?parent=119559"}],"wp:term":[{"taxonomy":"category","embeddable":true,"href":"https:\/\/linitiative.ca\/International\/wp-json\/wp\/v2\/categories?post=119559"},{"taxonomy":"post_tag","embeddable":true,"href":"https:\/\/linitiative.ca\/International\/wp-json\/wp\/v2\/tags?post=119559"}],"curies":[{"name":"wp","href":"https:\/\/api.w.org\/{rel}","templated":true}]}}