{"id":119561,"date":"2021-06-25T12:18:02","date_gmt":"2021-06-25T16:18:02","guid":{"rendered":"https:\/\/linitiative.ca\/International\/laurent-gbagbo-se-rend-dans-son-village-dimanche\/"},"modified":"2021-06-25T12:18:02","modified_gmt":"2021-06-25T16:18:02","slug":"laurent-gbagbo-se-rend-dans-son-village-dimanche","status":"publish","type":"post","link":"https:\/\/linitiative.ca\/International\/laurent-gbagbo-se-rend-dans-son-village-dimanche\/","title":{"rendered":"Laurent Gbagbo se rend dans son village dimanche"},"content":{"rendered":"<div>\n<p><img loading=\"lazy\" decoding=\"async\" width=\"800\" height=\"533\" src=\"https:\/\/linitiative.ca\/International\/wp-content\/uploads\/sites\/23\/2021\/06\/16246378824907.jpg\" class=\"attachment-post-thumbnail size-post-thumbnail wp-post-image\" alt=\"\" srcset=\"https:\/\/linitiative.ca\/International\/wp-content\/uploads\/sites\/23\/2021\/06\/16246378824907.jpg 800w, https:\/\/www.journalducameroun.com\/wp-content\/uploads\/2021\/06\/16246378824907-300x200.jpg 300w, https:\/\/www.journalducameroun.com\/wp-content\/uploads\/2021\/06\/16246378824907-768x512.jpg 768w, https:\/\/www.journalducameroun.com\/wp-content\/uploads\/2021\/06\/16246378824907-660x440.jpg 660w, https:\/\/www.journalducameroun.com\/wp-content\/uploads\/2021\/06\/16246378824907-600x400.jpg 600w\" sizes=\"auto, (max-width: 800px) 100vw, 800px\"><\/p>\n<p>L&rsquo;ex-pr\u00e9sident ivoirien Laurent Gbagbo se rend le dimanche prochain dans son village de Mama, dans le d\u00e9partement de Gagnoa \u00e0 270 km d&rsquo;Abidjan au Centre-ouest de la C\u00f4te d&rsquo;Ivoire.<\/p>\n<p>Dans un communiqu\u00e9 transmis \u00e0 APA, le pr\u00e9sident de la Commission communication du Comit\u00e9 op\u00e9rationnel d&rsquo;accueil, Katinan Kon\u00e9 annonce que ce s\u00e9jour pr\u00e9vu les dimanche 27 et lundi 28 juin 2021 se fera en deux \u00e9tapes.<\/p>\n<p>La premi\u00e8re \u00e9tape sera \u00ab un arr\u00eat dans son village maternel (Blouzon) pour s&rsquo;incliner sur la tombe de sa d\u00e9funte m\u00e8re, feu la matriarche Gad\u00f4 Marguerite\u00bb. \u00a0\u00ab Cette \u00e9tape qui s&rsquo;effectuera strictement dans l&rsquo;intimit\u00e9 familiale, est formellement interdite aux m\u00e9dias et \u00e0 toute couverture m\u00e9diatique \u00bb, pr\u00e9cise le communiqu\u00e9.<\/p>\n<p>La deuxi\u00e8me \u00e9tape sera consacr\u00e9e aux c\u00e9r\u00e9monies publiques \u00e0 Mama, le dimanche et le lundi. Elle sera \u00a0ouverte \u00e0 tous les \u00ab m\u00e9dias qui d\u00e9sirent en assurer la couverture \u00bb.<\/p>\n<p>L&rsquo;ancien pr\u00e9sident ivoirien Laurent Gbagbo, acquitt\u00e9 par la Cour p\u00e9nale internationale le 31 mars 2021 dans l&rsquo;affaire de crimes contre l&rsquo;humanit\u00e9 perp\u00e9tr\u00e9s lors des violences post\u00e9lectorales ivoiriennes de 2010-2011, est rentr\u00e9 \u00e0 Abidjan le 17 juin 2021 apr\u00e8s 10 ans d&rsquo;absence.<\/p>\n<p>Cet article <a rel=\"nofollow\" href=\"https:\/\/www.journalducameroun.com\/laurent-gbagbo-se-rend-dans-son-village-dimanche\/\">Laurent Gbagbo se rend dans son village dimanche<\/a> est apparu en premier sur <a rel=\"nofollow\" href=\"https:\/\/www.journalducameroun.com\/\">Journal du Cameroun<\/a>.<\/p>\n<\/div>\n<p>Auteur: APA News<br \/>\n<a href=\"https:\/\/www.journalducameroun.com\/laurent-gbagbo-se-rend-dans-son-village-dimanche\/\">Cliquez ici pour lire l&rsquo;article depuis sa source.<\/a><\/p>\n","protected":false},"excerpt":{"rendered":"<p>L&rsquo;ex-pr\u00e9sident ivoirien Laurent Gbagbo se rend le dimanche prochain dans son village de Mama, dans le d\u00e9partement de Gagnoa \u00e0 270 km d&rsquo;Abidjan au Centre-ouest de la C\u00f4te d&rsquo;Ivoire. Dans un communiqu\u00e9 transmis \u00e0 APA, le pr\u00e9sident de la Commission communication du Comit\u00e9 op\u00e9rationnel d&rsquo;accueil, Katinan Kon\u00e9 annonce que ce s\u00e9jour pr\u00e9vu les dimanche 27 [&hellip;]<\/p>\n","protected":false},"author":1965,"featured_media":0,"comment_status":"closed","ping_status":"closed","sticky":false,"template":"","format":"standard","meta":{"fifu_image_url":"https:\/\/www.journalducameroun.com\/wp-content\/uploads\/2021\/06\/16246378824907.jpg","fifu_image_alt":"Laurent Gbagbo se rend dans son village dimanche","footnotes":""},"categories":[73,82],"tags":[],"class_list":["post-119561","post","type-post","status-publish","format-standard","hentry","category-actualite","category-cameroun"],"_links":{"self":[{"href":"https:\/\/linitiative.ca\/International\/wp-json\/wp\/v2\/posts\/119561","targetHints":{"allow":["GET"]}}],"collection":[{"href":"https:\/\/linitiative.ca\/International\/wp-json\/wp\/v2\/posts"}],"about":[{"href":"https:\/\/linitiative.ca\/International\/wp-json\/wp\/v2\/types\/post"}],"author":[{"embeddable":true,"href":"https:\/\/linitiative.ca\/International\/wp-json\/wp\/v2\/users\/1965"}],"replies":[{"embeddable":true,"href":"https:\/\/linitiative.ca\/International\/wp-json\/wp\/v2\/comments?post=119561"}],"version-history":[{"count":0,"href":"https:\/\/linitiative.ca\/International\/wp-json\/wp\/v2\/posts\/119561\/revisions"}],"wp:attachment":[{"href":"https:\/\/linitiative.ca\/International\/wp-json\/wp\/v2\/media?parent=119561"}],"wp:term":[{"taxonomy":"category","embeddable":true,"href":"https:\/\/linitiative.ca\/International\/wp-json\/wp\/v2\/categories?post=119561"},{"taxonomy":"post_tag","embeddable":true,"href":"https:\/\/linitiative.ca\/International\/wp-json\/wp\/v2\/tags?post=119561"}],"curies":[{"name":"wp","href":"https:\/\/api.w.org\/{rel}","templated":true}]}}