{"id":119563,"date":"2021-06-25T16:18:01","date_gmt":"2021-06-25T20:18:01","guid":{"rendered":"https:\/\/linitiative.ca\/International\/la-banque-mondiale-appuie-le-senegal-dans-plusieurs-secteurs\/"},"modified":"2021-06-25T16:18:01","modified_gmt":"2021-06-25T20:18:01","slug":"la-banque-mondiale-appuie-le-senegal-dans-plusieurs-secteurs","status":"publish","type":"post","link":"https:\/\/linitiative.ca\/International\/la-banque-mondiale-appuie-le-senegal-dans-plusieurs-secteurs\/","title":{"rendered":"La Banque mondiale appuie le S\u00e9n\u00e9gal dans plusieurs secteurs"},"content":{"rendered":"<div>\n<p><img loading=\"lazy\" decoding=\"async\" width=\"225\" height=\"225\" src=\"https:\/\/linitiative.ca\/International\/wp-content\/uploads\/sites\/23\/2021\/06\/16246522829218.jpg\" class=\"attachment-post-thumbnail size-post-thumbnail wp-post-image\" alt=\"\" srcset=\"https:\/\/linitiative.ca\/International\/wp-content\/uploads\/sites\/23\/2021\/06\/16246522829218.jpg 225w, https:\/\/www.journalducameroun.com\/wp-content\/uploads\/2021\/06\/16246522829218-150x150.jpg 150w, https:\/\/www.journalducameroun.com\/wp-content\/uploads\/2021\/06\/16246522829218-60x60.jpg 60w, https:\/\/www.journalducameroun.com\/wp-content\/uploads\/2021\/06\/16246522829218-100x100.jpg 100w\" sizes=\"auto, (max-width: 225px) 100vw, 225px\"><\/p>\n<p>L&rsquo;institution financi\u00e8re mondiale et le S\u00e9n\u00e9gal ont sign\u00e9 ce vendredi quatre accords d&rsquo;un montant global de 423 millions de dollars (plus de 232 milliards FCFA), dont 241 millions de dollars sous forme de don.Le premier accord porte sur un appui de financement additionnel de 134 millions de dollars dont 50% en dons pour le Projet de R\u00e9ponse \u00e0 la Covid-19. Ce nouveau financement vise \u00e0 appuyer le plan de d\u00e9ploiement de la vaccination contre la Covid-19 et l&rsquo;achat de plusieurs millions de doses de vaccin.<\/p>\n<p>Il permettra aussi de poursuivre les actions financ\u00e9es avec l&rsquo;appui initial de 20 millions de dollars approuv\u00e9s le 2 Avril 2020 pour renforcer la pr\u00e9vention, la d\u00e9tection, et la prise en charge des personnes infect\u00e9es par le virus.<\/p>\n<p>Le second financement additionnel porte sur 110 millions de dollars dont 70 millions sous forme de don, destin\u00e9 au Projet d&rsquo;Appui aux Filets Sociaux. Cet appui inclut des ressources de l&rsquo;Association internationale de d\u00e9veloppement (IDA), mais \u00e9galement 30 millions de dollars venant du Fonds fiduciaire de la Coop\u00e9ration allemande BMZ administr\u00e9 par la Banque mondiale.<\/p>\n<p>Il permettra \u00e0 l&rsquo;Etat de d\u00e9ployer une assistance sociale exceptionnelle par transferts mon\u00e9taires, pour aider les familles vuln\u00e9rables \u00e0 surmonter la crise li\u00e9e \u00e0 la Covid-19 et \u00e0 faire face aux futurs chocs climatiques. Un appui productif sera \u00e9galement mis \u00e0 l&rsquo;\u00e9chelle au profit des m\u00e9nages et agriculteurs les plus pauvres, pour les aider \u00e0 am\u00e9liorer leurs activit\u00e9s g\u00e9n\u00e9ratrices de revenus.<\/p>\n<p>De plus, ce financement additionnel permettra l&rsquo;extension du Registre national unique (RNU) \u00e0 1 million de m\u00e9nages conform\u00e9ment \u00e0 la volont\u00e9 du gouvernement. Cela permettra de mieux d\u00e9ployer l&rsquo;assistance aux populations vuln\u00e9rables dans le futur.<\/p>\n<p>Le troisi\u00e8me accord porte sur l&rsquo;acc\u00e8s universel \u00e0 l&rsquo;\u00e9lectricit\u00e9. Un premier financement de 129 millions de dollars, dont la moiti\u00e9 en don, en appui au Projet r\u00e9gional d&rsquo;acc\u00e8s \u00e0 l&rsquo;\u00e9lectricit\u00e9 a ainsi \u00e9t\u00e9 sign\u00e9. L&rsquo;objectif de ce dernier est d&rsquo;accro\u00eetre l&rsquo;acc\u00e8s \u00e0 l&rsquo;\u00e9lectricit\u00e9 du r\u00e9seau \u00e9lectrique \u00e0 partir des postes des lignes de transmission du Syst\u00e8me d&rsquo;\u00c9changes d&rsquo;\u00c9nergie \u00c9lectrique Ouest Africain, surtout dans des zones moins desservies et avec une incidence de la pauvret\u00e9 plus \u00e9lev\u00e9e, notamment en Casamance.<\/p>\n<p>Gr\u00e2ce \u00e0 cet investissement, cent mille nouvelles connexions \u00e9quivalentes \u00e0 six cent mille personnes auront acc\u00e8s \u00e0 l&rsquo;\u00e9lectricit\u00e9 gr\u00e2ce \u00e0 la densification des r\u00e9seaux de distribution autour des sous-stations.<\/p>\n<p>Le 4\u00e8me et dernier financement concerne le foncier dont la premi\u00e8re et derni\u00e8re r\u00e9forme majeure remonte \u00e0 1964. Il porte sur 80 millions de dollars, dont la moiti\u00e9 en don, et est destin\u00e9 au Projet Cadastre et S\u00e9curisation Fonci\u00e8re (Procasef). Il r\u00e9pond \u00e0 la sollicitation du gouvernement et \u00e0 sa volont\u00e9 d&rsquo;am\u00e9liorer la gouvernance fonci\u00e8re par la mise en place d&rsquo;un cadastre national.<\/p>\n<p>Le Procasef veut aider \u00e0 formaliser au sein de 136 communes, les droits fonciers sur le Domaine national, qu&rsquo;ils soient individuels ou collectifs, qu&rsquo;ils portent sur des terrains agricoles, pastoraux ou d&rsquo;habitation et remettre des documents fonciers officiels \u00e0 chaque ayant-droit.<\/p>\n<p>Il permettra aussi de donner aux institutions en charge du foncier, depuis les communes jusqu&rsquo;aux minist\u00e8res centraux, les infrastructures, les outils et les capacit\u00e9s humaines n\u00e9cessaires \u00e0 l&rsquo;enregistrement \u00e0 grande \u00e9chelle des droits sur le sol.<\/p>\n<p>\u00ab C&rsquo;est un engagement qui fera date dans le partenariat entre la Banque mondiale et le S\u00e9n\u00e9gal \u00bb, s&rsquo;est f\u00e9licit\u00e9 le Directeur des op\u00e9rations de la Banque mondiale pour le S\u00e9n\u00e9gal, Nathan B\u00e9l\u00e8te. En effet, souligne ce dernier, le niveau de financements concessionnels de 898 millions de dollars, soit environ 484 milliards de francs CFA, n&rsquo;a jamais \u00e9t\u00e9 atteint en une seule ann\u00e9e fiscale de la Banque mondiale.<\/p>\n<p>Selon le responsable de la BM, ce niveau exceptionnel de financement traduit une mobilisation tr\u00e8s forte de la Banque mondiale pour appuyer le Gouvernement dans la r\u00e9ponse \u00e0 la Covid-19 et la relance de l&rsquo;\u00e9conomie, dans un contexte lui-m\u00eame exceptionnel.<\/p>\n<p>D&rsquo;apr\u00e8s M. B\u00e9l\u00e8te, cette assistance financi\u00e8re souligne aussi l&rsquo;importance d&rsquo;une gestion efficace des finances publiques afin qu&rsquo;ils puissent se traduire par des changements concrets et rapides pour les populations du S\u00e9n\u00e9gal.<\/p>\n<p>Cet article <a rel=\"nofollow\" href=\"https:\/\/www.journalducameroun.com\/la-banque-mondiale-appuie-le-senegal-dans-plusieurs-secteurs\/\">La Banque mondiale appuie le S\u00e9n\u00e9gal dans plusieurs secteurs<\/a> est apparu en premier sur <a rel=\"nofollow\" href=\"https:\/\/www.journalducameroun.com\/\">Journal du Cameroun<\/a>.<\/p>\n<\/div>\n<p>Auteur: APA News<br \/>\n<a href=\"https:\/\/www.journalducameroun.com\/la-banque-mondiale-appuie-le-senegal-dans-plusieurs-secteurs\/\">Cliquez ici pour lire l&rsquo;article depuis sa source.<\/a><\/p>\n","protected":false},"excerpt":{"rendered":"<p>L&rsquo;institution financi\u00e8re mondiale et le S\u00e9n\u00e9gal ont sign\u00e9 ce vendredi quatre accords d&rsquo;un montant global de 423 millions de dollars (plus de 232 milliards FCFA), dont 241 millions de dollars sous forme de don.Le premier accord porte sur un appui de financement additionnel de 134 millions de dollars dont 50% en dons pour le Projet [&hellip;]<\/p>\n","protected":false},"author":1965,"featured_media":0,"comment_status":"closed","ping_status":"closed","sticky":false,"template":"","format":"standard","meta":{"fifu_image_url":"https:\/\/www.journalducameroun.com\/wp-content\/uploads\/2021\/06\/16246522829218.jpg","fifu_image_alt":"La Banque mondiale appuie le S\u00e9n\u00e9gal dans plusieurs secteurs","footnotes":""},"categories":[73,82],"tags":[],"class_list":["post-119563","post","type-post","status-publish","format-standard","hentry","category-actualite","category-cameroun"],"_links":{"self":[{"href":"https:\/\/linitiative.ca\/International\/wp-json\/wp\/v2\/posts\/119563","targetHints":{"allow":["GET"]}}],"collection":[{"href":"https:\/\/linitiative.ca\/International\/wp-json\/wp\/v2\/posts"}],"about":[{"href":"https:\/\/linitiative.ca\/International\/wp-json\/wp\/v2\/types\/post"}],"author":[{"embeddable":true,"href":"https:\/\/linitiative.ca\/International\/wp-json\/wp\/v2\/users\/1965"}],"replies":[{"embeddable":true,"href":"https:\/\/linitiative.ca\/International\/wp-json\/wp\/v2\/comments?post=119563"}],"version-history":[{"count":0,"href":"https:\/\/linitiative.ca\/International\/wp-json\/wp\/v2\/posts\/119563\/revisions"}],"wp:attachment":[{"href":"https:\/\/linitiative.ca\/International\/wp-json\/wp\/v2\/media?parent=119563"}],"wp:term":[{"taxonomy":"category","embeddable":true,"href":"https:\/\/linitiative.ca\/International\/wp-json\/wp\/v2\/categories?post=119563"},{"taxonomy":"post_tag","embeddable":true,"href":"https:\/\/linitiative.ca\/International\/wp-json\/wp\/v2\/tags?post=119563"}],"curies":[{"name":"wp","href":"https:\/\/api.w.org\/{rel}","templated":true}]}}