{"id":119567,"date":"2021-06-25T12:12:54","date_gmt":"2021-06-25T16:12:54","guid":{"rendered":"https:\/\/linitiative.ca\/International\/assemblee-nationale-lannulation-de-la-pleniere-sur-le-covidgate-preoccupe-les-deputes\/"},"modified":"2021-06-25T12:12:54","modified_gmt":"2021-06-25T16:12:54","slug":"assemblee-nationale-lannulation-de-la-pleniere-sur-le-covidgate-preoccupe-les-deputes","status":"publish","type":"post","link":"https:\/\/linitiative.ca\/International\/assemblee-nationale-lannulation-de-la-pleniere-sur-le-covidgate-preoccupe-les-deputes\/","title":{"rendered":"Assembl\u00e9e nationale: l\u2019annulation de la pl\u00e9ni\u00e8re sur le Covidgate pr\u00e9occupe les d\u00e9put\u00e9s"},"content":{"rendered":"<div>\n<p>La Chambre des Comptes de la Cour Supr\u00eame a \u00e9t\u00e9 stopp\u00e9e net. Son passage devant l\u2019Assembl\u00e9e nationale pr\u00e9vue ce jour a \u00e9t\u00e9 annul\u00e9 hier en fin de journ\u00e9e.\u00a0 Cette institution devait pr\u00e9senter aux d\u00e9put\u00e9s\u00a0son rapport annuel et le rapport d\u2019audit\u00a0 du Fonds sp\u00e9cial de solidarit\u00e9 nationale pour la lutte contre le coronavirus. Programm\u00e9e de longue date, cette s\u00e9ance de travail a d\u00e8s lors \u00e9t\u00e9 retir\u00e9e de la programmation sans \u00a0qu\u2019aucun motif ne soit pr\u00e9sent\u00e9 aux parlementaires. Un fait qui pr\u00e9occupe plus d\u2019un d\u00e9put\u00e9. Notamment ceux qui \u00e9taient dans l\u2019attente de cette pl\u00e9ni\u00e8re sp\u00e9ciale. \u00a0\u00ab\u00a0<em>Les \u00a0d\u00e9put\u00e9s sont presque dans tous leurs \u00e9tats parce que ce changement est intervenu sans aucune justification. On a seulement constat\u00e9 que la programmation a disparu. C\u00e9dant place \u00e0 une nouvelle. On ne nous a pas donn\u00e9 de raisons. Nous sommes d\u00e9\u00e7us, nous ne nous attendions pas \u00e0 \u00e7a. Nous avons seulement dit que c\u2019\u00e9tait parti et on n\u2019a rien dit. Ni sur le motif, ni sur la nouvelle programmation\u00a0\u00bb\u00a0<\/em>d\u00e9clare le d\u00e9put\u00e9 de l\u2019Union d\u00e9mocratique du Cameroun Koupit Adamou<em>.<\/em><\/p>\n<p><strong>Meilleure pr\u00e9paration<\/strong><\/p>\n<p>Tous les parlementaires ne partagent toutefois pas cette id\u00e9e. En effet, pour certains d\u2019entre eux, la sensibilit\u00e9 du sujet (ndlr\u00a0et le rapport d\u2019audit\u00a0 du Fonds sp\u00e9cial de solidarit\u00e9 nationale pour la lutte contre le coronavirus) demande que l\u2019Institution de la Cour supr\u00eame et le gouvernement soient mieux pr\u00e9par\u00e9s avant de se pr\u00e9senter devant les d\u00e9put\u00e9s.\u00a0 \u00ab\u00a0<em>C\u2019est normal. C\u2019est une pl\u00e9ni\u00e8re qui concernait de l\u2019argent. Donc ce sont des affaires qui concernent le plus haut niveau de l\u2019Etat. Ce n\u2019est que normal qu\u2019on puisse bien ficeler certaines choses avant de venir devant les d\u00e9put\u00e9s. Moi\u00a0 je pense que c\u2019est normal\u00a0\u00bb\u00a0<\/em>assure l\u2019honorable Djeumeni Benilde, d\u00e9put\u00e9 du Social democratic front (SDF).<\/p>\n<p>Les d\u00e9put\u00e9s sp\u00e9culent tandis qu\u2019au sein de \u00a0l\u2019Assembl\u00e9e nationale, c\u2019est le silence total. Aucune information ne circule sur les raisons de cette annulation ou d\u2019un possible report. En rappel, la Chambre des Comptes de la Cour supr\u00eame devait pr\u00e9senter\u00a0son rapport annuel et le rapport d\u2019audit\u00a0 du Fonds sp\u00e9cial de solidarit\u00e9 nationale pour la lutte contre le coronavirus.\u00a0 Un document sur la base duquel des actions sont men\u00e9es en justice. Les officiers de police judiciaire du Tribunal criminel sp\u00e9cial auditionnent les personnes impliqu\u00e9es dans la gestion de ce Fonds. Notamment les Chefs de d\u00e9partements minist\u00e9riels concern\u00e9s par la gestion de la pand\u00e9mie de Coronavirus. Sont d\u00e9j\u00e0 pass\u00e9s au Tcs, le ministre de la Sant\u00e9 publique, Manaouda Malachie, la ministre de la Recherche scientifique et de l\u2019Innovation, Madeleine Tchuente etc.<\/p>\n<p>L\u2019article <a rel=\"nofollow\" href=\"https:\/\/ecomatin.net\/assemblee-nationale-lannulation-de-la-pleniere-sur-le-covidgate-preoccupe-les-deputes\/\">Assembl\u00e9e nationale: l\u2019annulation de la pl\u00e9ni\u00e8re sur le Covidgate pr\u00e9occupe les d\u00e9put\u00e9s<\/a> est apparu en premier sur <a rel=\"nofollow\" href=\"https:\/\/ecomatin.net\/\">EcoMatin<\/a>.<\/p>\n<\/div>\n<p>Auteur: EcoMatin<br \/>\n<a href=\"https:\/\/ecomatin.net\/assemblee-nationale-lannulation-de-la-pleniere-sur-le-covidgate-preoccupe-les-deputes\/\">Cliquez ici pour lire l&rsquo;article depuis sa source.<\/a><\/p>\n","protected":false},"excerpt":{"rendered":"<p>La Chambre des Comptes de la Cour Supr\u00eame a \u00e9t\u00e9 stopp\u00e9e net. Son passage devant l\u2019Assembl\u00e9e nationale pr\u00e9vue ce jour a \u00e9t\u00e9 annul\u00e9 hier en fin de journ\u00e9e.\u00a0 Cette institution devait pr\u00e9senter aux d\u00e9put\u00e9s\u00a0son rapport annuel et le rapport d\u2019audit\u00a0 du Fonds sp\u00e9cial de solidarit\u00e9 nationale pour la lutte contre le coronavirus. Programm\u00e9e de longue [&hellip;]<\/p>\n","protected":false},"author":1969,"featured_media":0,"comment_status":"closed","ping_status":"closed","sticky":false,"template":"","format":"standard","meta":{"fifu_image_url":"","fifu_image_alt":"","footnotes":""},"categories":[82,78],"tags":[],"class_list":["post-119567","post","type-post","status-publish","format-standard","hentry","category-cameroun","category-economie"],"_links":{"self":[{"href":"https:\/\/linitiative.ca\/International\/wp-json\/wp\/v2\/posts\/119567","targetHints":{"allow":["GET"]}}],"collection":[{"href":"https:\/\/linitiative.ca\/International\/wp-json\/wp\/v2\/posts"}],"about":[{"href":"https:\/\/linitiative.ca\/International\/wp-json\/wp\/v2\/types\/post"}],"author":[{"embeddable":true,"href":"https:\/\/linitiative.ca\/International\/wp-json\/wp\/v2\/users\/1969"}],"replies":[{"embeddable":true,"href":"https:\/\/linitiative.ca\/International\/wp-json\/wp\/v2\/comments?post=119567"}],"version-history":[{"count":0,"href":"https:\/\/linitiative.ca\/International\/wp-json\/wp\/v2\/posts\/119567\/revisions"}],"wp:attachment":[{"href":"https:\/\/linitiative.ca\/International\/wp-json\/wp\/v2\/media?parent=119567"}],"wp:term":[{"taxonomy":"category","embeddable":true,"href":"https:\/\/linitiative.ca\/International\/wp-json\/wp\/v2\/categories?post=119567"},{"taxonomy":"post_tag","embeddable":true,"href":"https:\/\/linitiative.ca\/International\/wp-json\/wp\/v2\/tags?post=119567"}],"curies":[{"name":"wp","href":"https:\/\/api.w.org\/{rel}","templated":true}]}}