{"id":119570,"date":"2021-06-26T10:30:09","date_gmt":"2021-06-26T14:30:09","guid":{"rendered":"https:\/\/linitiative.ca\/International\/essaouira-un-malfrat-faisant-lobjet-de-15-plaintes-tombe-entre-les-mains-de-la-police\/"},"modified":"2021-06-26T10:30:09","modified_gmt":"2021-06-26T14:30:09","slug":"essaouira-un-malfrat-faisant-lobjet-de-15-plaintes-tombe-entre-les-mains-de-la-police","status":"publish","type":"post","link":"https:\/\/linitiative.ca\/International\/essaouira-un-malfrat-faisant-lobjet-de-15-plaintes-tombe-entre-les-mains-de-la-police\/","title":{"rendered":"Essaouira : Un malfrat faisant l\u2019objet de 15 plaintes tombe entre les mains de la police"},"content":{"rendered":"<div>\n<p><img decoding=\"async\" width=\"300\" height=\"153\" src=\"https:\/\/linitiative.ca\/International\/wp-content\/uploads\/sites\/23\/2021\/06\/arrestation-maroc-police-300x153-1.jpg\" class=\"attachment-medium size-medium wp-post-image\" alt=\"\" loading=\"lazy\" srcset=\"\/\/aujourdhui.ma\/wp-content\/uploads\/2020\/11\/arrestation-maroc-police-300x153.jpg 300w, \/\/aujourdhui.ma\/wp-content\/uploads\/2020\/11\/arrestation-maroc-police-274x140.jpg 274w, \/\/aujourdhui.ma\/wp-content\/uploads\/2020\/11\/arrestation-maroc-police.jpg 746w, \/\/aujourdhui.ma\/wp-content\/uploads\/2020\/11\/arrestation-maroc-police-165x84.jpg 165w, \/\/aujourdhui.ma\/wp-content\/uploads\/2020\/11\/arrestation-maroc-police-702x358.jpg 702w\" sizes=\"auto, (max-width: 300px) 100vw, 300px\"><\/p>\n<p><span style=\"color: #800000;\"><strong>Un jeune malfaiteur qui a sem\u00e9 la terreur \u00e0 Essaouira a \u00e9t\u00e9 arr\u00eat\u00e9 r\u00e9cemment par les \u00e9l\u00e9ments de la 1\u00e8re brigade des investigations relevant de la police judiciaire de la s\u00fbret\u00e9 de la ville.<\/strong><\/span><span id=\"more-380116\"><\/span><\/p>\n<p>Surnomm\u00e9 Sa\u00e2sa\u00e2, ce malfrat, la vingtaine \u00e0 peu pr\u00e8s, a fait l\u2019objet d\u2019une quinzaine de plaintes avant d\u2019\u00eatre mis hors d\u2019\u00e9tat de nuire. Ses victimes \u00e9taient surtout des employ\u00e9s qui empruntaient, le matin, leur chemin \u00e0 destination de leur emploi. Arm\u00e9 de couteau, il leur coupait le chemin pour les obliger \u00e0 lui donner leurs smartphones et leurs sacs \u00e0 main. Finalement, les limiers d\u2019Essaouira ont r\u00e9ussi \u00e0 l\u2019\u00e9pingler en flagrant d\u00e9lit d\u2019agression d\u2019une jeune femme. Soumis aux interrogatoires, il a avou\u00e9 ses crimes contre plusieurs victimes dont il y a celles qui n\u2019ont pas port\u00e9 plainte. Apr\u00e8s quoi, il a \u00e9t\u00e9 traduit devant le procureur du Roi pr\u00e8s la Cour d\u2019appel de Safi poursuivi en \u00e9tat d\u2019arrestation pour vols qualifi\u00e9s, coups et blessures et menace \u00e0 main arm\u00e9e.<\/p>\n<\/div>\n<p>Auteur: Abderrafii ALOUMLIKI<br \/>\n<a href=\"https:\/\/aujourdhui.ma\/faits-divers\/essaouira-un-malfrat-faisant-lobjet-de-15-plaintes-tombe-entre-les-mains-de-la-police\">Cliquez ici pour lire l&rsquo;article depuis sa source.<\/a><\/p>\n","protected":false},"excerpt":{"rendered":"<p>Un jeune malfaiteur qui a sem\u00e9 la terreur \u00e0 Essaouira a \u00e9t\u00e9 arr\u00eat\u00e9 r\u00e9cemment par les \u00e9l\u00e9ments de la 1\u00e8re brigade des investigations relevant de la police judiciaire de la s\u00fbret\u00e9 de la ville. Surnomm\u00e9 Sa\u00e2sa\u00e2, ce malfrat, la vingtaine \u00e0 peu pr\u00e8s, a fait l\u2019objet d\u2019une quinzaine de plaintes avant d\u2019\u00eatre mis hors d\u2019\u00e9tat [&hellip;]<\/p>\n","protected":false},"author":1759,"featured_media":0,"comment_status":"closed","ping_status":"closed","sticky":false,"template":"","format":"standard","meta":{"fifu_image_url":"https:\/\/aujourdhui.ma\/wp-content\/uploads\/2020\/11\/arrestation-maroc-police-300x153.jpg","fifu_image_alt":"Essaouira : Un malfrat faisant l\u2019objet de 15 plaintes tombe entre les mains de la police","footnotes":""},"categories":[73,54],"tags":[],"class_list":["post-119570","post","type-post","status-publish","format-standard","hentry","category-actualite","category-maroc"],"_links":{"self":[{"href":"https:\/\/linitiative.ca\/International\/wp-json\/wp\/v2\/posts\/119570","targetHints":{"allow":["GET"]}}],"collection":[{"href":"https:\/\/linitiative.ca\/International\/wp-json\/wp\/v2\/posts"}],"about":[{"href":"https:\/\/linitiative.ca\/International\/wp-json\/wp\/v2\/types\/post"}],"author":[{"embeddable":true,"href":"https:\/\/linitiative.ca\/International\/wp-json\/wp\/v2\/users\/1759"}],"replies":[{"embeddable":true,"href":"https:\/\/linitiative.ca\/International\/wp-json\/wp\/v2\/comments?post=119570"}],"version-history":[{"count":0,"href":"https:\/\/linitiative.ca\/International\/wp-json\/wp\/v2\/posts\/119570\/revisions"}],"wp:attachment":[{"href":"https:\/\/linitiative.ca\/International\/wp-json\/wp\/v2\/media?parent=119570"}],"wp:term":[{"taxonomy":"category","embeddable":true,"href":"https:\/\/linitiative.ca\/International\/wp-json\/wp\/v2\/categories?post=119570"},{"taxonomy":"post_tag","embeddable":true,"href":"https:\/\/linitiative.ca\/International\/wp-json\/wp\/v2\/tags?post=119570"}],"curies":[{"name":"wp","href":"https:\/\/api.w.org\/{rel}","templated":true}]}}