{"id":119574,"date":"2021-06-26T11:02:19","date_gmt":"2021-06-26T15:02:19","guid":{"rendered":"https:\/\/linitiative.ca\/International\/la-resolution-du-parlement-europeen-une-politisation-inacceptable-des-efforts-du-maroc-en-matiere-dimmigration-souligne-le-parlement-arabe\/"},"modified":"2021-06-26T11:02:19","modified_gmt":"2021-06-26T15:02:19","slug":"la-resolution-du-parlement-europeen-une-politisation-inacceptable-des-efforts-du-maroc-en-matiere-dimmigration-souligne-le-parlement-arabe","status":"publish","type":"post","link":"https:\/\/linitiative.ca\/International\/la-resolution-du-parlement-europeen-une-politisation-inacceptable-des-efforts-du-maroc-en-matiere-dimmigration-souligne-le-parlement-arabe\/","title":{"rendered":"La r\u00e9solution du Parlement europ\u00e9en, une politisation inacceptable des efforts du Maroc en mati\u00e8re d\u2019immigration, souligne le Parlement arabe"},"content":{"rendered":"<div>\n<p><img decoding=\"async\" width=\"300\" height=\"153\" src=\"https:\/\/linitiative.ca\/International\/wp-content\/uploads\/sites\/23\/2021\/06\/Parlement-arabe-300x153-1.jpg\" class=\"attachment-medium size-medium wp-post-image\" alt=\"\" loading=\"lazy\" srcset=\"\/\/aujourdhui.ma\/wp-content\/uploads\/2021\/06\/Parlement-arabe-300x153.jpg 300w, \/\/aujourdhui.ma\/wp-content\/uploads\/2021\/06\/Parlement-arabe-274x140.jpg 274w, \/\/aujourdhui.ma\/wp-content\/uploads\/2021\/06\/Parlement-arabe.jpg 746w, \/\/aujourdhui.ma\/wp-content\/uploads\/2021\/06\/Parlement-arabe-165x84.jpg 165w, \/\/aujourdhui.ma\/wp-content\/uploads\/2021\/06\/Parlement-arabe-702x358.jpg 702w\" sizes=\"auto, (max-width: 300px) 100vw, 300px\"><\/p>\n<p><span style=\"font-size: 20px; color: #800000;\"><strong>Le Parlement arabe a r\u00e9it\u00e9r\u00e9 samedi son rejet cat\u00e9gorique de la r\u00e9solution du Parlement europ\u00e9en sur le Maroc, soulignant que cette d\u00e9cision avec ce qu\u2019elle comporte comme critiques et accusations sans fondement, constitue une provocation et une politisation inacceptable des efforts d\u00e9ploy\u00e9s par le Royaume pour lutter contre l\u2019immigration clandestine.<\/strong><\/span><span id=\"more-380153\"><\/span><\/p>\n<p>Dans une d\u00e9cision adopt\u00e9e \u00e0 l\u2019issue de sa r\u00e9union d\u2019urgence, tenue samedi au Caire, le Parlement arabe a d\u00e9nonc\u00e9 l\u2019ing\u00e9rence du Parlement europ\u00e9en et son insistance \u00e0 s\u2019impliquer dans une crise bilat\u00e9rale entre les Royaumes du Maroc et d\u2019Espagne, laquelle peut \u00eatre r\u00e9solue par des moyens diplomatiques et des n\u00e9gociations bilat\u00e9rales directes entre les deux pays.<\/p>\n<p>Il a \u00e9galement salu\u00e9 les efforts inlassables d\u00e9ploy\u00e9s par le Royaume du Maroc dans la lutte contre l\u2019immigration ill\u00e9gale, qui d\u00e9coule d\u2019une volont\u00e9 politique forte et des Hautes Orientations de SM le Roi Mohammed VI, en tant que leader de l\u2019Union africaine sur la question de la migration.<\/p>\n<p>La d\u00e9cision souligne, \u00e0 ce propos, que l\u2019organisation en d\u00e9cembre 2018 par le Maroc de la conf\u00e9rence internationale qui a \u00e9t\u00e9 sanctionn\u00e9e par l\u2019adoption du Pacte mondial pour des migrations s\u00fbres, ordonn\u00e9es et r\u00e9guli\u00e8res, ainsi que l\u2019accueil par le Royaume du si\u00e8ge de l\u2019Observatoire africain des migrations en d\u00e9cembre 2020 et l\u2019adoption de l\u2019Agenda Africain pour les Migrations \u00e0 l\u2019initiative de SM le Roi \u00ab\u00a0sont autant de faits qui confirment les efforts nationaux, r\u00e9gionaux et internationaux d\u00e9ploy\u00e9s par le Royaume du Maroc dans le domaine de la migration et r\u00e9futent en m\u00eame temps les all\u00e9gations mensong\u00e8res contenues dans la r\u00e9solution du Parlement europ\u00e9en\u00a0\u00bb.<\/p>\n<p>Le parlement arabe a aussi soulign\u00e9 la n\u00e9cessit\u00e9 d\u2019ouvrir le dossier des villes marocaines de Sebta et Melilla et des \u00eeles marocaines occup\u00e9es, pour r\u00e9gler cette situation qui rel\u00e8ve de l\u2019\u00e8re coloniale.<\/p>\n<p>Tout en r\u00e9affirmant sa ferme et constante solidarit\u00e9 avec avec le Maroc, le parlement arabe a charg\u00e9 son Pr\u00e9sident de prendre les mesures qu\u2019il juge appropri\u00e9es pour soutenir le Royaume face \u00e0 la r\u00e9solution europ\u00e9enne.<\/p>\n<p>Le Parlement arabe a aussi exprim\u00e9 son rejet cat\u00e9gorique de \u00ab\u00a0l\u2019approche arrogante inacceptable du Parlement europ\u00e9en dans le traitement des questions li\u00e9es aux pays arabes, en adoptant des r\u00e9solutions qui s\u2019inscrivent aux antipodes des exigences du partenariat strat\u00e9gique souhait\u00e9 entre les pays arabes et europ\u00e9ens\u00a0\u00bb.<\/p>\n<p>Il a ainsi appel\u00e9 le parlement europ\u00e9en \u00e0 abandonner ces pratiques provocatrices et \u00e0 adopter des positions pratiques et responsables qui renforcent la coop\u00e9ration et la coordination conjointe entre les pays arabes et europ\u00e9ens, mettant l\u2019accent sur la n\u00e9cessit\u00e9 d\u2019\u00e9laborer un plan d\u2019action arabe unifi\u00e9 et int\u00e9gr\u00e9, pour faire face \u00e0 ces positions irresponsables du parlement europ\u00e9en et de mani\u00e8re \u00e0 assurer le respect de la souverainet\u00e9 des pays arabes et la non-ing\u00e9rence dans leurs affaires.<\/p>\n<p>Le Parlement arabe a \u00e9galement appel\u00e9 l\u2019Union interparlementaire, le Parlement m\u00e9diterran\u00e9en, l\u2019Assembl\u00e9e parlementaire de l\u2019Union pour la M\u00e9diterran\u00e9e et tous les parlements r\u00e9gionaux \u00e0 rejeter et condamner cette d\u00e9cision, qui contredit les r\u00e8gles internationalement reconnues de la diplomatie parlementaire.<\/p>\n<\/div>\n<p>Auteur: ALM<br \/>\n<a href=\"https:\/\/aujourdhui.ma\/actualite\/la-resolution-du-parlement-europeen-une-politisation-inacceptable-des-efforts-du-maroc-en-matiere-dimmigration-souligne-le-parlement-arabe\">Cliquez ici pour lire l&rsquo;article depuis sa source.<\/a><\/p>\n","protected":false},"excerpt":{"rendered":"<p>Le Parlement arabe a r\u00e9it\u00e9r\u00e9 samedi son rejet cat\u00e9gorique de la r\u00e9solution du Parlement europ\u00e9en sur le Maroc, soulignant que cette d\u00e9cision avec ce qu\u2019elle comporte comme critiques et accusations sans fondement, constitue une provocation et une politisation inacceptable des efforts d\u00e9ploy\u00e9s par le Royaume pour lutter contre l\u2019immigration clandestine. Dans une d\u00e9cision adopt\u00e9e \u00e0 [&hellip;]<\/p>\n","protected":false},"author":1759,"featured_media":0,"comment_status":"closed","ping_status":"closed","sticky":false,"template":"","format":"standard","meta":{"fifu_image_url":"https:\/\/aujourdhui.ma\/wp-content\/uploads\/2021\/06\/Parlement-arabe-300x153.jpg","fifu_image_alt":"La r\u00e9solution du Parlement europ\u00e9en, une politisation inacceptable des efforts du Maroc en mati\u00e8re d\u2019immigration, souligne le Parlement arabe","footnotes":""},"categories":[73,54],"tags":[],"class_list":["post-119574","post","type-post","status-publish","format-standard","hentry","category-actualite","category-maroc"],"_links":{"self":[{"href":"https:\/\/linitiative.ca\/International\/wp-json\/wp\/v2\/posts\/119574","targetHints":{"allow":["GET"]}}],"collection":[{"href":"https:\/\/linitiative.ca\/International\/wp-json\/wp\/v2\/posts"}],"about":[{"href":"https:\/\/linitiative.ca\/International\/wp-json\/wp\/v2\/types\/post"}],"author":[{"embeddable":true,"href":"https:\/\/linitiative.ca\/International\/wp-json\/wp\/v2\/users\/1759"}],"replies":[{"embeddable":true,"href":"https:\/\/linitiative.ca\/International\/wp-json\/wp\/v2\/comments?post=119574"}],"version-history":[{"count":0,"href":"https:\/\/linitiative.ca\/International\/wp-json\/wp\/v2\/posts\/119574\/revisions"}],"wp:attachment":[{"href":"https:\/\/linitiative.ca\/International\/wp-json\/wp\/v2\/media?parent=119574"}],"wp:term":[{"taxonomy":"category","embeddable":true,"href":"https:\/\/linitiative.ca\/International\/wp-json\/wp\/v2\/categories?post=119574"},{"taxonomy":"post_tag","embeddable":true,"href":"https:\/\/linitiative.ca\/International\/wp-json\/wp\/v2\/tags?post=119574"}],"curies":[{"name":"wp","href":"https:\/\/api.w.org\/{rel}","templated":true}]}}