{"id":119585,"date":"2021-06-25T18:36:35","date_gmt":"2021-06-25T22:36:35","guid":{"rendered":"https:\/\/linitiative.ca\/International\/le-developpement-lune-des-questions-fondamentales-pour-le-cndh\/"},"modified":"2021-06-25T18:36:35","modified_gmt":"2021-06-25T22:36:35","slug":"le-developpement-lune-des-questions-fondamentales-pour-le-cndh","status":"publish","type":"post","link":"https:\/\/linitiative.ca\/International\/le-developpement-lune-des-questions-fondamentales-pour-le-cndh\/","title":{"rendered":"Le d\u00e9veloppement, l\u2019une des questions fondamentales pour le CNDH"},"content":{"rendered":"<div>\n<div style=\"margin-bottom:20px;\"><img loading=\"lazy\" decoding=\"async\" width=\"750\" height=\"430\" src=\"https:\/\/linitiative.ca\/International\/wp-content\/uploads\/sites\/23\/2021\/06\/dh-copier.jpg\" class=\"attachment-post-thumbnail size-post-thumbnail wp-post-image\" alt=\"\" srcset=\"https:\/\/linitiative.ca\/International\/wp-content\/uploads\/sites\/23\/2021\/06\/dh-copier.jpg 750w, http:\/\/www.mapmarrakech.ma\/map\/uploads\/2021\/06\/dh-copier-300x172.jpg 300w\" sizes=\"auto, (max-width: 750px) 100vw, 750px\"><\/div>\n<p>S\u2019exprimant lors d\u2019un s\u00e9minaire national sur le \u00ab\u00a0D\u00e9veloppement et les droits de l\u2019Homme\u00a0\u00bb, organis\u00e9 par la Commission R\u00e9gionale des Droits de l\u2019Homme (CRDH) de Marrakech-Safi, en partenariat avec la Commission permanente charg\u00e9e de la promotion de la culture des droits de l\u2019Homme et de la consolidation de la construction d\u00e9mocratique au CNDH et la CRDH de Souss-Massa, M. Bensalah a expliqu\u00e9 que le conseil adopte des d\u00e9terminants conceptuels qui sont les m\u00eames principes de base de la D\u00e9claration de l\u2019Assembl\u00e9e g\u00e9n\u00e9rale des Nations Unies sur le droit au d\u00e9veloppement (1986).<\/p>\n<p>Ces principes r\u00e9sident en le fait que l\u2019\u00eatre humain est le centre du d\u00e9veloppement en tant qu\u2019acteur, b\u00e9n\u00e9ficiaire et cible, a-t-il poursuivi, ajoutant que l\u2019approche du d\u00e9veloppement repose sur les droits humains, la participation efficiente et l\u2019\u00e9quit\u00e9 dans la distribution des dividendes du d\u00e9veloppement et la non-discrimination.<\/p>\n<p>Partant des Objectifs du D\u00e9veloppement Durable (ODD), de la D\u00e9claration de Copenhague sur le d\u00e9veloppement social et de la D\u00e9claration de Vienne (1993), le CNDH consid\u00e8re que la d\u00e9mocratie, le d\u00e9veloppement et le respect des droits humains et des libert\u00e9s fondamentales sont intimement li\u00e9s et se renforcent mutuellement, a-t-il dit.<\/p>\n<p>M. Bensalah a, en outre, saisi l\u2019occasion pour passer en revue les principales conclusions et recommandations du CNDH en mati\u00e8re de d\u00e9veloppement et de droits de l\u2019Homme.<\/p>\n<p>Pour sa part, le coordinateur de la Commission permanente charg\u00e9e de la promotion de la culture des droits de l\u2019Homme et de la consolidation de la construction d\u00e9mocratique au CNDH, Mustapha El Mrizak, a indiqu\u00e9 que cette rencontre s\u2019inscrit dans le cadre du processus dans lequel s\u2019est engag\u00e9 le Conseil et du changement op\u00e9r\u00e9 au niveau de son action en se penchant d\u00e9sormais sur une th\u00e9matique li\u00e9e \u00e0 la r\u00e9alit\u00e9 et \u00e0 la vie quotidiennes des citoyens.<\/p>\n<p>Il a, dans la foul\u00e9e, exprim\u00e9 son espoir quant \u00e0 la mise en \u0153uvre du Nouveau Mod\u00e8le de D\u00e9veloppement, conform\u00e9ment aux Hautes Orientations de Sa Majest\u00e9 le Roi Mohammed VI, notant que le th\u00e8me de ce s\u00e9minaire permet d\u2019aborder le r\u00e9f\u00e9rentiel international et national en mati\u00e8re de d\u00e9veloppement ainsi que les id\u00e9es, les concepts et la mani\u00e8re de faire du sujet du d\u00e9veloppement et des droits de l\u2019Homme une th\u00e9matique ayant une r\u00e9f\u00e9rence intellectuelle, juridique et internationale.<\/p>\n<p>De son c\u00f4t\u00e9, le pr\u00e9sident de la CRDH de Marrakech-Safi, Mustapha Laarissa, a soulign\u00e9 l\u2019importance et la complexit\u00e9 de cette question, compte tenu que le concept du d\u00e9veloppement fait l\u2019objet de multiples th\u00e9ories.<\/p>\n<p>Et M. Laarissa de relever que ce s\u00e9minaire, qui sera suivi de plusieurs rencontres, vise non seulement la pr\u00e9sentation de l\u2019\u00e9tat des lieux dans ce domaine, mais aussi d\u2019engager la r\u00e9flexion et d\u2019ouvrir un d\u00e9bat international sur la question du d\u00e9veloppement et des droits de l\u2019Homme.<\/p>\n<p>Cette rencontre s\u2019inscrit dans le cadre de la mise en oeuvre du programme de promotion de la culture des droits humains, mis en place par la CRDH de Marrakech-Safi, en application des attributions du CNDH, en tant qu\u2019institution nationale charg\u00e9e d\u2019enrichir et de promouvoir la culture des droits de l\u2019Homme et d\u2019approfondir le d\u00e9bat public autour de ce sujet d\u2019une importance strat\u00e9gique.<\/p>\n<p>Ce s\u00e9minaire vise \u00e0 d\u00e9battre de la question du droit au d\u00e9veloppement, sur la base des opinions accumul\u00e9es et des th\u00e9ories formul\u00e9es sur ce sujet, \u00e0 identifier les moyens d\u2019activation de ce droit multidimensionnel et \u00e0 favoriser une jurisprudence th\u00e9orique \u00e0 cet \u00e9gard, comme contribution du CNDH \u00e0 la r\u00e9flexion autour de la question du d\u00e9veloppement et des droits humains ainsi que des d\u00e9fis li\u00e9s \u00e0 l\u2019acc\u00e8s \u00e0 la troisi\u00e8me g\u00e9n\u00e9ration de ces droits.<\/p>\n<p>Le programme de cette rencontre pr\u00e9voit l\u2019organisation de cinq sessions ax\u00e9es sur \u00ab\u00a0Le r\u00e9f\u00e9rentiel international et national du droit au d\u00e9veloppement\u00a0\u00bb, \u00ab\u00a0Les dimensions multiples et int\u00e9gr\u00e9es du d\u00e9veloppement\u00a0\u00bb, \u00ab\u00a0Les droits des femmes et le genre social\u00a0\u00bb, \u00ab\u00a0Les droits de l\u2019Homme et le d\u00e9veloppement \u00e9cologique et durable\u00a0\u00bb, et \u00ab\u00a0Des t\u00e9moignages des meilleures exp\u00e9riences dans le domaine du d\u00e9veloppement\u00a0\u00bb.<\/p>\n<p>The post <a rel=\"nofollow\" href=\"http:\/\/www.mapmarrakech.ma\/fr\/le-developpement-lune-des-questions-fondamentales-pour-le-cndh\/\">Le d\u00e9veloppement, l\u2019une des questions fondamentales pour le CNDH<\/a> appeared first on <a rel=\"nofollow\" href=\"http:\/\/www.mapmarrakech.ma\/fr\">MapMarrakech<\/a>.<\/p>\n<\/div>\n<p>Auteur: Meriem IGASS<br \/>\n<a href=\"http:\/\/www.mapmarrakech.ma\/fr\/le-developpement-lune-des-questions-fondamentales-pour-le-cndh\/\">Cliquez ici pour lire l&rsquo;article depuis sa source.<\/a><\/p>\n","protected":false},"excerpt":{"rendered":"<p>S\u2019exprimant lors d\u2019un s\u00e9minaire national sur le \u00ab\u00a0D\u00e9veloppement et les droits de l\u2019Homme\u00a0\u00bb, organis\u00e9 par la Commission R\u00e9gionale des Droits de l\u2019Homme (CRDH) de Marrakech-Safi, en partenariat avec la Commission permanente charg\u00e9e de la promotion de la culture des droits de l\u2019Homme et de la consolidation de la construction d\u00e9mocratique au CNDH et la CRDH [&hellip;]<\/p>\n","protected":false},"author":1788,"featured_media":0,"comment_status":"closed","ping_status":"closed","sticky":false,"template":"","format":"standard","meta":{"fifu_image_url":"http:\/\/www.mapmarrakech.ma\/map\/uploads\/2021\/06\/dh-copier.jpg","fifu_image_alt":"Le d\u00e9veloppement, l\u2019une des questions fondamentales pour le CNDH","footnotes":""},"categories":[54,76],"tags":[],"class_list":["post-119585","post","type-post","status-publish","format-standard","hentry","category-maroc","category-regions"],"_links":{"self":[{"href":"https:\/\/linitiative.ca\/International\/wp-json\/wp\/v2\/posts\/119585","targetHints":{"allow":["GET"]}}],"collection":[{"href":"https:\/\/linitiative.ca\/International\/wp-json\/wp\/v2\/posts"}],"about":[{"href":"https:\/\/linitiative.ca\/International\/wp-json\/wp\/v2\/types\/post"}],"author":[{"embeddable":true,"href":"https:\/\/linitiative.ca\/International\/wp-json\/wp\/v2\/users\/1788"}],"replies":[{"embeddable":true,"href":"https:\/\/linitiative.ca\/International\/wp-json\/wp\/v2\/comments?post=119585"}],"version-history":[{"count":0,"href":"https:\/\/linitiative.ca\/International\/wp-json\/wp\/v2\/posts\/119585\/revisions"}],"wp:attachment":[{"href":"https:\/\/linitiative.ca\/International\/wp-json\/wp\/v2\/media?parent=119585"}],"wp:term":[{"taxonomy":"category","embeddable":true,"href":"https:\/\/linitiative.ca\/International\/wp-json\/wp\/v2\/categories?post=119585"},{"taxonomy":"post_tag","embeddable":true,"href":"https:\/\/linitiative.ca\/International\/wp-json\/wp\/v2\/tags?post=119585"}],"curies":[{"name":"wp","href":"https:\/\/api.w.org\/{rel}","templated":true}]}}