{"id":119587,"date":"2021-06-25T19:06:32","date_gmt":"2021-06-25T23:06:32","guid":{"rendered":"https:\/\/linitiative.ca\/International\/terres-collectives-reunion-du-conseil-provincial-de-tutelle\/"},"modified":"2021-06-25T19:06:32","modified_gmt":"2021-06-25T23:06:32","slug":"terres-collectives-reunion-du-conseil-provincial-de-tutelle","status":"publish","type":"post","link":"https:\/\/linitiative.ca\/International\/terres-collectives-reunion-du-conseil-provincial-de-tutelle\/","title":{"rendered":"Terres collectives: R\u00e9union du conseil provincial de tutelle"},"content":{"rendered":"<div>\n<div style=\"margin-bottom:20px;\"><img loading=\"lazy\" decoding=\"async\" width=\"750\" height=\"430\" src=\"https:\/\/linitiative.ca\/International\/wp-content\/uploads\/sites\/23\/2021\/06\/agriculture-1-copier.jpg\" class=\"attachment-post-thumbnail size-post-thumbnail wp-post-image\" alt=\"\" srcset=\"https:\/\/linitiative.ca\/International\/wp-content\/uploads\/sites\/23\/2021\/06\/agriculture-1-copier.jpg 750w, http:\/\/www.mapmarrakech.ma\/map\/uploads\/2021\/06\/agriculture-1-copier-300x172.jpg 300w\" sizes=\"auto, (max-width: 750px) 100vw, 750px\"><\/div>\n<p>Pr\u00e9sid\u00e9e par le gouverneur de la province, Adil El Maliki, cette r\u00e9union, \u00e0 laquelle ont pris part les chefs des services ext\u00e9rieurs et les agents d\u2019autorit\u00e9 concern\u00e9s ainsi que des repr\u00e9sentants des communaut\u00e9s soulaliyates au niveau de la province, a \u00e9t\u00e9 consacr\u00e9e \u00e0 l\u2019approbation de l\u2019actualisation des listes des ayants-droits et \u00e0 l\u2019examen et \u00e0 l\u2019adoption des propositions de projets \u00e0 caract\u00e8re socio-\u00e9conomique et des AGR au profit des ayants-droits.<\/p>\n<p>S\u2019exprimant \u00e0 cette occasion, M. El Maliki a mis en avant l\u2019importance de ce chantier Royal de grande envergure pour la promotion de ce capital communautaire et ce, en octroyant un int\u00e9r\u00eat particulier et la priorit\u00e9 aux ayants-droits en tant que partenaire essentiel et central, et en adoptant une approche pratique et pragmatique dans l\u2019ex\u00e9cution des projets.<\/p>\n<p>Dans ce sillage, le gouverneur a insist\u00e9 sur la n\u00e9cessit\u00e9 de la convergence entre les diff\u00e9rents secteurs dans la r\u00e9alisation des projets programm\u00e9s, mettant l\u2019accent sur l\u2019importance de lancer des projets g\u00e9n\u00e9rateurs de revenus et d\u2019emplois au profit des communaut\u00e9s cibl\u00e9es.<\/p>\n<p>Par la suite, le chef de la Division des Affaires Rurales et de l\u2019Environnement (DARE) \u00e0 la pr\u00e9fecture, Khalid Chafik, a pr\u00e9sent\u00e9 un expos\u00e9 dans lequel il a abord\u00e9 les proc\u00e9dures relatives \u00e0 l\u2019actualisation des listes des ayants-droits, le cadre r\u00e9f\u00e9rentiel du conseil provincial de tutelle et du comit\u00e9 charg\u00e9 de la mobilisation des terres collectives pour l\u2019investissement ainsi que les missions dudit conseil.<\/p>\n<p>M. Chafik a \u00e9galement livr\u00e9 des donn\u00e9es, notamment sur la r\u00e9partition territoriale des communaut\u00e9s soulaliyates concern\u00e9es par l\u2019op\u00e9ration d\u2019actualisation des listes des ayants-droits.<\/p>\n<p>Le responsable a, par ailleurs, relev\u00e9 que la Division des affaires rurales a lanc\u00e9 une r\u00e9flexion sur un plan d\u2019action des projets et activit\u00e9s g\u00e9n\u00e9ratrices de revenus port\u00e9s par les coop\u00e9ratives des ayants droits pour la p\u00e9riode 2021-2024 et ce, dans le cadre du programme d\u2019appui et d\u2019int\u00e9gration des ayants droits dans le processus de d\u00e9veloppement humain et le programme de d\u00e9veloppement et de valorisation des terres collectives au sein de la province d\u2019Essaouira.<\/p>\n<p>Cette activit\u00e9, a-t-il encha\u00een\u00e9, s\u2019inspire des Hautes Orientations de Sa Majest\u00e9 le Roi Mohammed VI et d\u2019un r\u00e9el besoin d\u2019une r\u00e9flexion profonde et personnalis\u00e9e pour les territoires concern\u00e9s et leurs particularit\u00e9s, en favorisant les besoins r\u00e9els et r\u00e9alistes du terrain, les opportunit\u00e9s qu\u2019il offre, les enjeux auxquels il est confront\u00e9, le contact avec les professionnels et les parties prenantes, tout en permettant plus de coh\u00e9sion et d\u2019appropriation des projets.<\/p>\n<p>Il a fait savoir que 19 projets sont programm\u00e9s durant la p\u00e9riode 2021-2024 dans les communes de Kourimate, Sidi Kaouki, Ounagha et Essaouira, pour un investissement global estim\u00e9 \u00e0 20.759.000 DH.<\/p>\n<p>De leur c\u00f4t\u00e9, des repr\u00e9sentants des communaut\u00e9s soulaliyates se sont f\u00e9licit\u00e9s de ce chantier de grande envergure, soulignant que les projets programm\u00e9s sont de nature \u00e0 contribuer \u00e0 l\u2019am\u00e9lioration des conditions de vie des populations cibl\u00e9es, de g\u00e9n\u00e9rer des revenus au profit des ayants-droits et de cr\u00e9er des opportunit\u00e9s d\u2019emplois en faveur des jeunes.<\/p>\n<p>The post <a rel=\"nofollow\" href=\"http:\/\/www.mapmarrakech.ma\/fr\/terres-collectives-reunion-du-conseil-provincial-de-tutelle\/\">Terres collectives: R\u00e9union du conseil provincial de tutelle<\/a> appeared first on <a rel=\"nofollow\" href=\"http:\/\/www.mapmarrakech.ma\/fr\">MapMarrakech<\/a>.<\/p>\n<\/div>\n<p>Auteur: Meriem IGASS<br \/>\n<a href=\"http:\/\/www.mapmarrakech.ma\/fr\/terres-collectives-reunion-du-conseil-provincial-de-tutelle\/\">Cliquez ici pour lire l&rsquo;article depuis sa source.<\/a><\/p>\n","protected":false},"excerpt":{"rendered":"<p>Pr\u00e9sid\u00e9e par le gouverneur de la province, Adil El Maliki, cette r\u00e9union, \u00e0 laquelle ont pris part les chefs des services ext\u00e9rieurs et les agents d\u2019autorit\u00e9 concern\u00e9s ainsi que des repr\u00e9sentants des communaut\u00e9s soulaliyates au niveau de la province, a \u00e9t\u00e9 consacr\u00e9e \u00e0 l\u2019approbation de l\u2019actualisation des listes des ayants-droits et \u00e0 l\u2019examen et \u00e0 [&hellip;]<\/p>\n","protected":false},"author":1788,"featured_media":0,"comment_status":"closed","ping_status":"closed","sticky":false,"template":"","format":"standard","meta":{"fifu_image_url":"http:\/\/www.mapmarrakech.ma\/map\/uploads\/2021\/06\/agriculture-1-copier.jpg","fifu_image_alt":"Terres collectives: R\u00e9union du conseil provincial de tutelle","footnotes":""},"categories":[54,76],"tags":[],"class_list":["post-119587","post","type-post","status-publish","format-standard","hentry","category-maroc","category-regions"],"_links":{"self":[{"href":"https:\/\/linitiative.ca\/International\/wp-json\/wp\/v2\/posts\/119587","targetHints":{"allow":["GET"]}}],"collection":[{"href":"https:\/\/linitiative.ca\/International\/wp-json\/wp\/v2\/posts"}],"about":[{"href":"https:\/\/linitiative.ca\/International\/wp-json\/wp\/v2\/types\/post"}],"author":[{"embeddable":true,"href":"https:\/\/linitiative.ca\/International\/wp-json\/wp\/v2\/users\/1788"}],"replies":[{"embeddable":true,"href":"https:\/\/linitiative.ca\/International\/wp-json\/wp\/v2\/comments?post=119587"}],"version-history":[{"count":0,"href":"https:\/\/linitiative.ca\/International\/wp-json\/wp\/v2\/posts\/119587\/revisions"}],"wp:attachment":[{"href":"https:\/\/linitiative.ca\/International\/wp-json\/wp\/v2\/media?parent=119587"}],"wp:term":[{"taxonomy":"category","embeddable":true,"href":"https:\/\/linitiative.ca\/International\/wp-json\/wp\/v2\/categories?post=119587"},{"taxonomy":"post_tag","embeddable":true,"href":"https:\/\/linitiative.ca\/International\/wp-json\/wp\/v2\/tags?post=119587"}],"curies":[{"name":"wp","href":"https:\/\/api.w.org\/{rel}","templated":true}]}}