{"id":119589,"date":"2021-06-26T06:47:35","date_gmt":"2021-06-26T10:47:35","guid":{"rendered":"https:\/\/linitiative.ca\/International\/convention-de-partenariat-sur-le-droit-hebraique-au-maroc\/"},"modified":"2021-06-26T06:47:35","modified_gmt":"2021-06-26T10:47:35","slug":"convention-de-partenariat-sur-le-droit-hebraique-au-maroc","status":"publish","type":"post","link":"https:\/\/linitiative.ca\/International\/convention-de-partenariat-sur-le-droit-hebraique-au-maroc\/","title":{"rendered":"Convention de partenariat sur le Droit H\u00e9bra\u00efque au Maroc"},"content":{"rendered":"<div>\n<div style=\"margin-bottom:20px;\"><img loading=\"lazy\" decoding=\"async\" width=\"750\" height=\"430\" src=\"https:\/\/linitiative.ca\/International\/wp-content\/uploads\/sites\/23\/2021\/06\/Azoulay-copier.jpg\" class=\"attachment-post-thumbnail size-post-thumbnail wp-post-image\" alt=\"\" srcset=\"https:\/\/linitiative.ca\/International\/wp-content\/uploads\/sites\/23\/2021\/06\/Azoulay-copier.jpg 750w, http:\/\/www.mapmarrakech.ma\/map\/uploads\/2021\/06\/Azoulay-copier-300x172.jpg 300w\" sizes=\"auto, (max-width: 750px) 100vw, 750px\"><\/div>\n<p>Cette convention a \u00e9t\u00e9 sign\u00e9e par M. Andr\u00e9 Azoulay, Pr\u00e9sident-Fondateur de l\u2019Association Essaouira-Mogador, le directeur de l\u2019Acad\u00e9mie r\u00e9gionale d\u2019\u00e9ducation et de formation (AREF) de Casablanca-Settat, M. Abdelmoumen Talib et le pr\u00e9sident du Centre d\u2019Etudes et de Recherches sur le Droit H\u00e9bra\u00efque, M. Abdellah Ouzitane.<\/p>\n<p>Cette convention vise l\u2019\u00e9laboration d\u2019un cadre g\u00e9n\u00e9ral de coop\u00e9ration et de partenariat entre les parties signataires afin de jeter les bases d\u2019une action commune visant \u00e0 promouvoir les valeurs de tol\u00e9rance, de vivre-ensemble, de mod\u00e9ration, de dialogue et de diversit\u00e9 culturelle dans les \u00e9tablissements d\u2019enseignement.<\/p>\n<p>Elle a \u00e9galement pour objectif de contribuer \u00e0 la promotion de la vie scolaire et d\u2019\u00e9tablir des passerelles de communication et de coexistence au niveau des composantes du secteur de l\u2019\u00e9ducation et de la formation au niveau de la r\u00e9gion Casablanca-Settat notamment \u00e0 travers la cr\u00e9ation de clubs de la coexistence et de tol\u00e9rance dans la diversit\u00e9.<\/p>\n<p>Cette initiative s\u2019inscrit dans le cadre de la mise en application de la loi cadre 51-17 relative au syst\u00e8me d\u2019\u00e9ducation, de formation et de recherche scientifique, en particulier le projet sur la \u00ab promotion de la vie scolaire \u00bb.<\/p>\n<p>Elle s\u2019inscrit \u00e9galement dans le cadre de la mise en \u0153uvre du partenariat-cadre entre le Minist\u00e8re de l\u2019\u00e9ducation nationale, de la formation professionnelle, de l\u2019enseignement sup\u00e9rieur et de la recherche scientifique, l\u2019Association Essaouira-Mogador et le Centre d\u2019Etudes et de Recherches sur le Droit H\u00e9bra\u00efque, ayant permis la cr\u00e9ation de clubs de la coexistence et de tol\u00e9rance dans la diversit\u00e9.<\/p>\n<p>Au total, 1390 clubs de la coexistence et de tol\u00e9rance dans la diversit\u00e9 ont \u00e9t\u00e9 cr\u00e9\u00e9s pour plus de 60.500 b\u00e9n\u00e9ficiaires.<\/p>\n<p>La signature de cette convention s\u2019inscrit dans le cadre de la strat\u00e9gie et du programme d\u2019action pluriannuel de l\u2019AREF visant principalement l\u2019am\u00e9lioration des indicateurs r\u00e9gionaux relatifs \u00e0 la vie scolaire en cr\u00e9ant des clubs \u00e9ducatifs et des m\u00e9canismes parall\u00e8les en se basant sur l\u2019approche de partenariat.<\/p>\n<p>The post <a rel=\"nofollow\" href=\"http:\/\/www.mapmarrakech.ma\/fr\/convention-de-partenariat-sur-le-droit-hebraique-au-maroc\/\">Convention de partenariat sur le Droit H\u00e9bra\u00efque au Maroc<\/a> appeared first on <a rel=\"nofollow\" href=\"http:\/\/www.mapmarrakech.ma\/fr\">MapMarrakech<\/a>.<\/p>\n<\/div>\n<p>Auteur: Meriem IGASS<br \/>\n<a href=\"http:\/\/www.mapmarrakech.ma\/fr\/convention-de-partenariat-sur-le-droit-hebraique-au-maroc\/\">Cliquez ici pour lire l&rsquo;article depuis sa source.<\/a><\/p>\n","protected":false},"excerpt":{"rendered":"<p>Cette convention a \u00e9t\u00e9 sign\u00e9e par M. Andr\u00e9 Azoulay, Pr\u00e9sident-Fondateur de l\u2019Association Essaouira-Mogador, le directeur de l\u2019Acad\u00e9mie r\u00e9gionale d\u2019\u00e9ducation et de formation (AREF) de Casablanca-Settat, M. Abdelmoumen Talib et le pr\u00e9sident du Centre d\u2019Etudes et de Recherches sur le Droit H\u00e9bra\u00efque, M. Abdellah Ouzitane. Cette convention vise l\u2019\u00e9laboration d\u2019un cadre g\u00e9n\u00e9ral de coop\u00e9ration et de [&hellip;]<\/p>\n","protected":false},"author":1788,"featured_media":0,"comment_status":"closed","ping_status":"closed","sticky":false,"template":"","format":"standard","meta":{"fifu_image_url":"http:\/\/www.mapmarrakech.ma\/map\/uploads\/2021\/06\/Azoulay-copier.jpg","fifu_image_alt":"Convention de partenariat sur le Droit H\u00e9bra\u00efque au Maroc","footnotes":""},"categories":[54,76],"tags":[],"class_list":["post-119589","post","type-post","status-publish","format-standard","hentry","category-maroc","category-regions"],"_links":{"self":[{"href":"https:\/\/linitiative.ca\/International\/wp-json\/wp\/v2\/posts\/119589","targetHints":{"allow":["GET"]}}],"collection":[{"href":"https:\/\/linitiative.ca\/International\/wp-json\/wp\/v2\/posts"}],"about":[{"href":"https:\/\/linitiative.ca\/International\/wp-json\/wp\/v2\/types\/post"}],"author":[{"embeddable":true,"href":"https:\/\/linitiative.ca\/International\/wp-json\/wp\/v2\/users\/1788"}],"replies":[{"embeddable":true,"href":"https:\/\/linitiative.ca\/International\/wp-json\/wp\/v2\/comments?post=119589"}],"version-history":[{"count":0,"href":"https:\/\/linitiative.ca\/International\/wp-json\/wp\/v2\/posts\/119589\/revisions"}],"wp:attachment":[{"href":"https:\/\/linitiative.ca\/International\/wp-json\/wp\/v2\/media?parent=119589"}],"wp:term":[{"taxonomy":"category","embeddable":true,"href":"https:\/\/linitiative.ca\/International\/wp-json\/wp\/v2\/categories?post=119589"},{"taxonomy":"post_tag","embeddable":true,"href":"https:\/\/linitiative.ca\/International\/wp-json\/wp\/v2\/tags?post=119589"}],"curies":[{"name":"wp","href":"https:\/\/api.w.org\/{rel}","templated":true}]}}