{"id":119591,"date":"2021-06-26T10:54:30","date_gmt":"2021-06-26T14:54:30","guid":{"rendered":"https:\/\/linitiative.ca\/International\/journee-sur-le-programme-de-surveillance-de-la-qualite-de-lair\/"},"modified":"2021-06-26T10:54:30","modified_gmt":"2021-06-26T14:54:30","slug":"journee-sur-le-programme-de-surveillance-de-la-qualite-de-lair","status":"publish","type":"post","link":"https:\/\/linitiative.ca\/International\/journee-sur-le-programme-de-surveillance-de-la-qualite-de-lair\/","title":{"rendered":"Journ\u00e9e sur le Programme de surveillance de la qualit\u00e9 de l\u2019air"},"content":{"rendered":"<div>\n<div style=\"margin-bottom:20px;\"><img loading=\"lazy\" decoding=\"async\" width=\"750\" height=\"430\" src=\"https:\/\/linitiative.ca\/International\/wp-content\/uploads\/sites\/23\/2021\/06\/journC3A9e-qualitC3A9-de-lair-copier.jpg\" class=\"attachment-post-thumbnail size-post-thumbnail wp-post-image\" alt=\"\" srcset=\"https:\/\/linitiative.ca\/International\/wp-content\/uploads\/sites\/23\/2021\/06\/journC3A9e-qualitC3A9-de-lair-copier.jpg 750w, http:\/\/www.mapmarrakech.ma\/map\/uploads\/2021\/06\/journ\u00e9e-qualit\u00e9-de-lair-copier-300x172.jpg 300w\" sizes=\"auto, (max-width: 750px) 100vw, 750px\"><\/div>\n<p>Initi\u00e9e en partenariat avec la wilaya de la r\u00e9gion Marrakech-Safi et avec l\u2019appui du Laboratoire National des Etudes et de Surveillance de la Pollution, cette rencontre avait pour objectifs d\u2019informer et de sensibiliser les acteurs territoriaux aux enjeux environnementaux li\u00e9s \u00e0 la pollution de l\u2019air, pr\u00e9senter les objectifs et les composantes du Programme national de surveillance de la qualit\u00e9 de l\u2019air, et d\u2019identifier les m\u00e9canismes approuv\u00e9s pour sa mise en \u0153uvre au niveau de la r\u00e9gion.<\/p>\n<p>La journ\u00e9e d\u2019\u00e9tude visait \u00e9galement \u00e0 jeter la lumi\u00e8re sur les efforts d\u00e9ploy\u00e9s par les parties concern\u00e9es en vue de lutter contre la pollution de l\u2019air, notamment l\u2019\u00e9tat d\u2019avancement des projets li\u00e9s au d\u00e9veloppement et au renforcement du r\u00e9seau de surveillance de la qualit\u00e9 de l\u2019air dans le cadre de la convention de partenariat et de financement du programme de valorisation de l\u2019ancienne M\u00e9dina de Marrakech (2018-2022).<\/p>\n<p>Elle se proposait de m\u00eame, de mettre en exergue les m\u00e9canismes de gouvernance adopt\u00e9s pour la gestion du r\u00e9seau r\u00e9gional de surveillance de la qualit\u00e9 de l\u2019air et les mesures \u00e0 prendre pour lutter contre les facteurs de pollution de l\u2019air.<\/p>\n<p>Dans une allocution de circonstance, le wali de la r\u00e9gion Marrakech-Safi, gouverneur de la pr\u00e9fecture de Marrakech, M. Karim Kassi-Lahlou, a soulign\u00e9 l\u2019int\u00e9r\u00eat particulier accord\u00e9 au secteur de l\u2019environnement notamment, par Sa Majest\u00e9 le Roi Mohammed VI, en raison de son lien direct avec tous les secteurs sociaux et \u00e9conomiques, ainsi que son impact sur le d\u00e9veloppement humain, mettant en exergue l\u2019exp\u00e9rience cumul\u00e9e par le Royaume dans le domaine environnemental, qui lui a permis de d\u00e9velopper un arsenal juridique important et diversifi\u00e9 pour pr\u00e9server l\u2019environnement, accompagn\u00e9 ces derni\u00e8res ann\u00e9es, d\u2019une panoplie de textes d\u2019application afin de r\u00e9aliser le d\u00e9veloppement durable escompt\u00e9.<\/p>\n<p>Dans ce sens, il a relev\u00e9 que la c\u00e9l\u00e9bration de la Journ\u00e9e mondiale de l\u2019environnement, plac\u00e9e cette ann\u00e9e sous le th\u00e8me \u00ab\u00a0Restaurer les \u00e9cosyst\u00e8mes\u00a0\u00bb, constitue une opportunit\u00e9 pour promouvoir un comportement responsable des individus et des entreprises, afin de pr\u00e9server l\u2019environnement, ainsi que pour mettre en relief les efforts d\u00e9ploy\u00e9s pour lutter contre la pollution de l\u2019air au niveau de la r\u00e9gion, \u00e0 travers les m\u00e9canismes de gouvernance adopt\u00e9s pour g\u00e9rer le r\u00e9seau r\u00e9gional de surveillance de la qualit\u00e9 de l\u2019air et gagner les enjeux du d\u00e9veloppement durable dans cette partie du territoire national.<\/p>\n<p>Pour sa part, le Directeur R\u00e9gional de l\u2019Environnement \u00e0 Marrakech-Safi, M. Noureddine Brine, a indiqu\u00e9 que cette rencontre s\u2019inscrit dans le cadre des efforts d\u00e9ploy\u00e9s pour renforcer le r\u00e9seau de surveillance de la qualit\u00e9 de l\u2019air au niveau national, et assurer sa mise en \u0153uvre au niveau de la r\u00e9gion, soulignant l\u2019importance de l\u2019implication de toutes les parties concern\u00e9es dans ce programme li\u00e9 \u00e0 la protection et \u00e0 la gestion de l\u2019environnement, notamment l\u2019aspect relatif \u00e0 la qualit\u00e9 de l\u2019air et la lutte contre la pollution atmosph\u00e9rique.<\/p>\n<p>Rappelant que le Maroc a initi\u00e9 un vaste chantier pour mettre en place 140 stations de contr\u00f4le de la qualit\u00e9 de l\u2019air dans toutes les villes de plus de 200.000 habitants, M. Brine a relev\u00e9 que la r\u00e9gion Marrakech-Safi, qui dispose actuellement de neuf stations de mesure de la qualit\u00e9 de l\u2019air, devrait disposer de 15 stations d\u2019ici 2030.<\/p>\n<p>De son c\u00f4t\u00e9, le Directeur du Laboratoire National des Etudes et de Surveillance de la Pollution, M. Mohamed El Bouch, a indiqu\u00e9 que le Maroc a mobilis\u00e9 370 millions de dirhams pour mettre en place les 140 stations de contr\u00f4le de la qualit\u00e9 de l\u2019air, des stations fixes qui assurent une surveillance quotidienne de la qualit\u00e9 de l\u2019air, \u00e0 travers des informations et des donn\u00e9es collect\u00e9es dans une base de donn\u00e9es et fournies aux collectivit\u00e9s locales pour prendre les mesures n\u00e9cessaires en vue de faire face \u00e0 la pollution de l\u2019environnement.<\/p>\n<p>The post <a rel=\"nofollow\" href=\"http:\/\/www.mapmarrakech.ma\/fr\/journee-detude-sur-le-programme-de-surveillance-de-la-qualite-de-lair\/\">Journ\u00e9e sur le Programme de surveillance de la qualit\u00e9 de l\u2019air<\/a> appeared first on <a rel=\"nofollow\" href=\"http:\/\/www.mapmarrakech.ma\/fr\">MapMarrakech<\/a>.<\/p>\n<\/div>\n<p>Auteur: Meriem IGASS<br \/>\n<a href=\"http:\/\/www.mapmarrakech.ma\/fr\/journee-detude-sur-le-programme-de-surveillance-de-la-qualite-de-lair\/\">Cliquez ici pour lire l&rsquo;article depuis sa source.<\/a><\/p>\n","protected":false},"excerpt":{"rendered":"<p>Initi\u00e9e en partenariat avec la wilaya de la r\u00e9gion Marrakech-Safi et avec l\u2019appui du Laboratoire National des Etudes et de Surveillance de la Pollution, cette rencontre avait pour objectifs d\u2019informer et de sensibiliser les acteurs territoriaux aux enjeux environnementaux li\u00e9s \u00e0 la pollution de l\u2019air, pr\u00e9senter les objectifs et les composantes du Programme national de [&hellip;]<\/p>\n","protected":false},"author":1788,"featured_media":0,"comment_status":"closed","ping_status":"closed","sticky":false,"template":"","format":"standard","meta":{"fifu_image_url":"http:\/\/www.mapmarrakech.ma\/map\/uploads\/2021\/06\/journ\u00e9e-qualit\u00e9-de-lair-copier.jpg","fifu_image_alt":"Journ\u00e9e sur le Programme de surveillance de la qualit\u00e9 de l\u2019air","footnotes":""},"categories":[54,76],"tags":[],"class_list":["post-119591","post","type-post","status-publish","format-standard","hentry","category-maroc","category-regions"],"_links":{"self":[{"href":"https:\/\/linitiative.ca\/International\/wp-json\/wp\/v2\/posts\/119591","targetHints":{"allow":["GET"]}}],"collection":[{"href":"https:\/\/linitiative.ca\/International\/wp-json\/wp\/v2\/posts"}],"about":[{"href":"https:\/\/linitiative.ca\/International\/wp-json\/wp\/v2\/types\/post"}],"author":[{"embeddable":true,"href":"https:\/\/linitiative.ca\/International\/wp-json\/wp\/v2\/users\/1788"}],"replies":[{"embeddable":true,"href":"https:\/\/linitiative.ca\/International\/wp-json\/wp\/v2\/comments?post=119591"}],"version-history":[{"count":0,"href":"https:\/\/linitiative.ca\/International\/wp-json\/wp\/v2\/posts\/119591\/revisions"}],"wp:attachment":[{"href":"https:\/\/linitiative.ca\/International\/wp-json\/wp\/v2\/media?parent=119591"}],"wp:term":[{"taxonomy":"category","embeddable":true,"href":"https:\/\/linitiative.ca\/International\/wp-json\/wp\/v2\/categories?post=119591"},{"taxonomy":"post_tag","embeddable":true,"href":"https:\/\/linitiative.ca\/International\/wp-json\/wp\/v2\/tags?post=119591"}],"curies":[{"name":"wp","href":"https:\/\/api.w.org\/{rel}","templated":true}]}}