{"id":119596,"date":"2021-06-26T06:51:59","date_gmt":"2021-06-26T10:51:59","guid":{"rendered":"https:\/\/linitiative.ca\/International\/cartier-saada-lexercice-2020-2021-deficitaire\/"},"modified":"2021-06-26T06:51:59","modified_gmt":"2021-06-26T10:51:59","slug":"cartier-saada-lexercice-2020-2021-deficitaire","status":"publish","type":"post","link":"https:\/\/linitiative.ca\/International\/cartier-saada-lexercice-2020-2021-deficitaire\/","title":{"rendered":"Cartier Saada: L&rsquo;exercice 2020\/2021 d\u00e9ficitaire"},"content":{"rendered":"<div>\n<div class=\"field field-name-body field-type-text-with-summary field-label-hidden\">\n<div class=\"field-items\">\n<div class=\"field-item even\" property=\"content:encoded\">\n<p class=\"rtejustify\">Le chiffre d\u2019affaires de la soci\u00e9t\u00e9 Cartier Saada s\u2019\u00e9tablit \u00e0 146,8 millions de DH (dont 96% \u00e0 l\u2019exportation) pour l&rsquo;exercice 2020\/2021. Il affiche un recul de 22%, selon la soci\u00e9t\u00e9 qui a \u00e9t\u00e9 impact\u00e9e par le\u00a0recul des ventes export \u00e0 partir de mai 2020 en raison de la pand\u00e9mie de Covid19.<\/p>\n<\/div>\n<\/div>\n<\/div>\n<\/div>\n<p>Auteur: hgueye<br \/>\n<a href=\"https:\/\/www.leconomiste.com\/flash-infos\/cartier-saada-l-exercice-2020-2021-deficitaire\">Cliquez ici pour lire l&rsquo;article depuis sa source.<\/a><\/p>\n","protected":false},"excerpt":{"rendered":"<p>Le chiffre d\u2019affaires de la soci\u00e9t\u00e9 Cartier Saada s\u2019\u00e9tablit \u00e0 146,8 millions de DH (dont 96% \u00e0 l\u2019exportation) pour l&rsquo;exercice 2020\/2021. Il affiche un recul de 22%, selon la soci\u00e9t\u00e9 qui a \u00e9t\u00e9 impact\u00e9e par le\u00a0recul des ventes export \u00e0 partir de mai 2020 en raison de la pand\u00e9mie de Covid19. Auteur: hgueye Cliquez ici [&hellip;]<\/p>\n","protected":false},"author":1763,"featured_media":0,"comment_status":"closed","ping_status":"closed","sticky":false,"template":"","format":"standard","meta":{"fifu_image_url":"","fifu_image_alt":"","footnotes":""},"categories":[78,54],"tags":[],"class_list":["post-119596","post","type-post","status-publish","format-standard","hentry","category-economie","category-maroc"],"_links":{"self":[{"href":"https:\/\/linitiative.ca\/International\/wp-json\/wp\/v2\/posts\/119596","targetHints":{"allow":["GET"]}}],"collection":[{"href":"https:\/\/linitiative.ca\/International\/wp-json\/wp\/v2\/posts"}],"about":[{"href":"https:\/\/linitiative.ca\/International\/wp-json\/wp\/v2\/types\/post"}],"author":[{"embeddable":true,"href":"https:\/\/linitiative.ca\/International\/wp-json\/wp\/v2\/users\/1763"}],"replies":[{"embeddable":true,"href":"https:\/\/linitiative.ca\/International\/wp-json\/wp\/v2\/comments?post=119596"}],"version-history":[{"count":0,"href":"https:\/\/linitiative.ca\/International\/wp-json\/wp\/v2\/posts\/119596\/revisions"}],"wp:attachment":[{"href":"https:\/\/linitiative.ca\/International\/wp-json\/wp\/v2\/media?parent=119596"}],"wp:term":[{"taxonomy":"category","embeddable":true,"href":"https:\/\/linitiative.ca\/International\/wp-json\/wp\/v2\/categories?post=119596"},{"taxonomy":"post_tag","embeddable":true,"href":"https:\/\/linitiative.ca\/International\/wp-json\/wp\/v2\/tags?post=119596"}],"curies":[{"name":"wp","href":"https:\/\/api.w.org\/{rel}","templated":true}]}}